{"id":15087,"date":"2022-07-21T15:00:23","date_gmt":"2022-07-21T13:00:23","guid":{"rendered":"https:\/\/www.gradjanske.org\/?p=15087"},"modified":"2022-07-28T00:07:23","modified_gmt":"2022-07-27T22:07:23","slug":"three-freedoms-under-the-magnifying-glass-8-21-july-2022-2","status":"publish","type":"post","link":"https:\/\/www.gradjanske.org\/en\/three-freedoms-under-the-magnifying-glass-8-21-july-2022-2\/","title":{"rendered":"Three Freedoms Under the Magnifying Glass: 8 &#8211; 21 July, 2022"},"content":{"rendered":"<p><strong>Belgrade, 21 July, 2022 &#8211;<\/strong><\/p>\n<p>&nbsp;<\/p>\n<h3 style=\"text-align: center;\">Violations of basic freedoms in Serbia<\/h3>\n<h3 style=\"text-align: center;\">8 &#8211; 21 July, 2022<\/h3>\n<p>&nbsp;<\/p>\n<div><\/div>\n<div>\n<p>The observed period from July 8 to 21, 2022 was marked by numerous violations of freedom of expression, freedom of assembly and freedom of association in Serbia.<\/p>\n<p>The Higher Public Prosecutor&#8217;s Office in Belgrade accused the media of putting pressure on the public prosecutor Nikolaidis, after portals N1 and Nova.rs published an article in which they pointed out the shortcomings in the work of this prosecutor in an earlier case. Lav Pajki\u0107, a member of the Serbian Progressive Party and former MP, compared Danas, N1 and Nova.rs to members of the Ustasha movement. Journalist Sne\u017eana \u010congradin was once again the target of an attack by convicted war criminal Vojislav \u0160e\u0161elj, while the journalist of the magazine &#8220;Drvotehnika&#8221; Dragojlo Blagojevi\u0107 was threatened with death. Journalist Nedim Sejdinovi\u0107 was also insulted by a high official of the Serbian Progressive Party.<\/p>\n<p>Workers of the Fiat company from Kragujevac received misdemeanor fines for protest roadblocks, according to the already seen pattern in which misdemeanor fines were issued to participants in environmental protests earlier. Scenes of brutal abuse of authority and use of force marked the protests of activists in Novi Sad.<\/p>\n<p>The premises of Women in Black were attacked again, while there were cases of pressure on union representatives within the Public Enterprise &#8220;Post of Serbia&#8221; and the Ni\u0161 company Jura.<\/p>\n<p>You can read more about each individual case in the full report below:<\/p>\n<p>&nbsp;<\/p>\n<\/div>\n<a  itemprop=\"url\" href=\"https:\/\/www.gradjanske.org\/wp-content\/uploads\/2022\/07\/Three-Freedoms-Under-the-Magnifying-Glass-8-21-July-2022.pdf\" target=\"_self\"  class=\"qbutton  default\" style=\"border-color: #A8A8A8; \">cases of violations of basic human rights in Serbia 8 - 21 July 2022<i class=\"qode_icon_font_awesome fa fa-download qode_button_icon_element\" style=\"color: #ED1C24\"><\/i><\/a>\n<p>&nbsp;<\/p>\n<p>You can see all previous reviews<a href=\"https:\/\/www.gradjanske.org\/en\/\" target=\"_blank\" rel=\"noopener noreferrer\">\u00a0here.<\/a><\/p>\n<p>* The dynamics of publishing the report will depend on the current situation.<\/p>\n","protected":false},"excerpt":{"rendered":"<p>Belgrade, 21 July, 2022 &#8211; &nbsp; Violations of basic freedoms in Serbia 8 &#8211; 21 July, 2022 &nbsp; The observed period from July 8 to 21, 2022 was marked by numerous violations of freedom of expression, freedom of assembly and freedom of association in Serbia&#8230;.<\/p>\n","protected":false},"author":10,"featured_media":10476,"comment_status":"open","ping_status":"open","sticky":false,"template":"","format":"standard","meta":{"_monsterinsights_skip_tracking":false,"_monsterinsights_sitenote_active":false,"_monsterinsights_sitenote_note":"","_monsterinsights_sitenote_category":0,"footnotes":""},"categories":[10,561,1],"tags":[],"class_list":["post-15087","post","type-post","status-publish","format-standard","has-post-thumbnail","hentry","category-news","category-three-freedoms-under-the-magnifying-glass","category-uncategorized"],"yoast_head":"<!-- This site is optimized with the Yoast SEO plugin v28.0 - https:\/\/yoast.com\/product\/yoast-seo-wordpress\/ -->\n<title>Three Freedoms Under the Magnifying Glass: 8 - 21 July, 2022 - Gra\u0111anske Inicijative<\/title>\n<meta name=\"robots\" content=\"index, follow, max-snippet:-1, max-image-preview:large, max-video-preview:-1\" \/>\n<link rel=\"canonical\" href=\"https:\/\/www.gradjanske.org\/en\/three-freedoms-under-the-magnifying-glass-8-21-july-2022-2\/\" \/>\n<meta property=\"og:locale\" content=\"en_US\" \/>\n<meta property=\"og:type\" content=\"article\" \/>\n<meta property=\"og:title\" content=\"Three Freedoms Under the Magnifying Glass: 8 - 21 July, 2022 - Gra\u0111anske Inicijative\" \/>\n<meta property=\"og:description\" content=\"Belgrade, 21 July, 2022 &#8211; &nbsp; Violations of basic freedoms in Serbia 8 &#8211; 21 July, 2022 &nbsp; The observed period from July 8 to 21, 2022 was marked by numerous violations of freedom of expression, freedom of assembly and freedom of association in Serbia....\" \/>\n<meta property=\"og:url\" content=\"https:\/\/www.gradjanske.org\/en\/three-freedoms-under-the-magnifying-glass-8-21-july-2022-2\/\" \/>\n<meta property=\"og:site_name\" content=\"Gra\u0111anske Inicijative\" \/>\n<meta property=\"article:published_time\" content=\"2022-07-21T13:00:23+00:00\" \/>\n<meta property=\"article:modified_time\" content=\"2022-07-27T22:07:23+00:00\" \/>\n<meta property=\"og:image\" content=\"https:\/\/www.gradjanske.org\/wp-content\/uploads\/2020\/06\/3slobode-feat-eng-344.png\" \/>\n\t<meta property=\"og:image:width\" content=\"344\" \/>\n\t<meta property=\"og:image:height\" content=\"177\" \/>\n\t<meta property=\"og:image:type\" content=\"image\/png\" \/>\n<meta name=\"author\" content=\"Teodora\" \/>\n<meta name=\"twitter:card\" content=\"summary_large_image\" \/>\n<meta name=\"twitter:label1\" content=\"Written by\" \/>\n\t<meta name=\"twitter:data1\" content=\"Teodora\" \/>\n\t<meta name=\"twitter:label2\" content=\"Est. reading time\" \/>\n\t<meta name=\"twitter:data2\" content=\"2 minutes\" \/>\n<script type=\"application\/ld+json\" class=\"yoast-schema-graph\">{\"@context\":\"https:\\\/\\\/schema.org\",\"@graph\":[{\"@type\":\"Article\",\"@id\":\"https:\\\/\\\/www.gradjanske.org\\\/en\\\/three-freedoms-under-the-magnifying-glass-8-21-july-2022-2\\\/#article\",\"isPartOf\":{\"@id\":\"https:\\\/\\\/www.gradjanske.org\\\/en\\\/three-freedoms-under-the-magnifying-glass-8-21-july-2022-2\\\/\"},\"author\":{\"name\":\"Teodora\",\"@id\":\"https:\\\/\\\/www.gradjanske.org\\\/en\\\/#\\\/schema\\\/person\\\/ccc793bc1b5374a25fbe367c277af718\"},\"headline\":\"Three Freedoms Under the Magnifying Glass: 8 &#8211; 21 July, 2022\",\"datePublished\":\"2022-07-21T13:00:23+00:00\",\"dateModified\":\"2022-07-27T22:07:23+00:00\",\"mainEntityOfPage\":{\"@id\":\"https:\\\/\\\/www.gradjanske.org\\\/en\\\/three-freedoms-under-the-magnifying-glass-8-21-july-2022-2\\\/\"},\"wordCount\":331,\"commentCount\":0,\"publisher\":{\"@id\":\"https:\\\/\\\/www.gradjanske.org\\\/en\\\/#organization\"},\"image\":{\"@id\":\"https:\\\/\\\/www.gradjanske.org\\\/en\\\/three-freedoms-under-the-magnifying-glass-8-21-july-2022-2\\\/#primaryimage\"},\"thumbnailUrl\":\"https:\\\/\\\/www.gradjanske.org\\\/wp-content\\\/uploads\\\/2020\\\/06\\\/3slobode-feat-eng-344.png\",\"articleSection\":[\"News\",\"Three Freedoms Under the Magnifying Glass\"],\"inLanguage\":\"en-US\",\"potentialAction\":[{\"@type\":\"CommentAction\",\"name\":\"Comment\",\"target\":[\"https:\\\/\\\/www.gradjanske.org\\\/en\\\/three-freedoms-under-the-magnifying-glass-8-21-july-2022-2\\\/#respond\"]}]},{\"@type\":\"WebPage\",\"@id\":\"https:\\\/\\\/www.gradjanske.org\\\/en\\\/three-freedoms-under-the-magnifying-glass-8-21-july-2022-2\\\/\",\"url\":\"https:\\\/\\\/www.gradjanske.org\\\/en\\\/three-freedoms-under-the-magnifying-glass-8-21-july-2022-2\\\/\",\"name\":\"Three Freedoms Under the Magnifying Glass: 8 - 21 July, 2022 - Gra\u0111anske Inicijative\",\"isPartOf\":{\"@id\":\"https:\\\/\\\/www.gradjanske.org\\\/en\\\/#website\"},\"primaryImageOfPage\":{\"@id\":\"https:\\\/\\\/www.gradjanske.org\\\/en\\\/three-freedoms-under-the-magnifying-glass-8-21-july-2022-2\\\/#primaryimage\"},\"image\":{\"@id\":\"https:\\\/\\\/www.gradjanske.org\\\/en\\\/three-freedoms-under-the-magnifying-glass-8-21-july-2022-2\\\/#primaryimage\"},\"thumbnailUrl\":\"https:\\\/\\\/www.gradjanske.org\\\/wp-content\\\/uploads\\\/2020\\\/06\\\/3slobode-feat-eng-344.png\",\"datePublished\":\"2022-07-21T13:00:23+00:00\",\"dateModified\":\"2022-07-27T22:07:23+00:00\",\"breadcrumb\":{\"@id\":\"https:\\\/\\\/www.gradjanske.org\\\/en\\\/three-freedoms-under-the-magnifying-glass-8-21-july-2022-2\\\/#breadcrumb\"},\"inLanguage\":\"en-US\",\"potentialAction\":[{\"@type\":\"ReadAction\",\"target\":[\"https:\\\/\\\/www.gradjanske.org\\\/en\\\/three-freedoms-under-the-magnifying-glass-8-21-july-2022-2\\\/\"]}]},{\"@type\":\"ImageObject\",\"inLanguage\":\"en-US\",\"@id\":\"https:\\\/\\\/www.gradjanske.org\\\/en\\\/three-freedoms-under-the-magnifying-glass-8-21-july-2022-2\\\/#primaryimage\",\"url\":\"https:\\\/\\\/www.gradjanske.org\\\/wp-content\\\/uploads\\\/2020\\\/06\\\/3slobode-feat-eng-344.png\",\"contentUrl\":\"https:\\\/\\\/www.gradjanske.org\\\/wp-content\\\/uploads\\\/2020\\\/06\\\/3slobode-feat-eng-344.png\",\"width\":344,\"height\":177},{\"@type\":\"BreadcrumbList\",\"@id\":\"https:\\\/\\\/www.gradjanske.org\\\/en\\\/three-freedoms-under-the-magnifying-glass-8-21-july-2022-2\\\/#breadcrumb\",\"itemListElement\":[{\"@type\":\"ListItem\",\"position\":1,\"name\":\"Home\",\"item\":\"https:\\\/\\\/www.gradjanske.org\\\/en\\\/home-2\\\/\"},{\"@type\":\"ListItem\",\"position\":2,\"name\":\"Three Freedoms Under the Magnifying Glass: 8 &#8211; 21 July, 2022\"}]},{\"@type\":\"WebSite\",\"@id\":\"https:\\\/\\\/www.gradjanske.org\\\/en\\\/#website\",\"url\":\"https:\\\/\\\/www.gradjanske.org\\\/en\\\/\",\"name\":\"Gra\u0111anske Inicijative\",\"description\":\"Civic Initiatives\",\"publisher\":{\"@id\":\"https:\\\/\\\/www.gradjanske.org\\\/en\\\/#organization\"},\"potentialAction\":[{\"@type\":\"SearchAction\",\"target\":{\"@type\":\"EntryPoint\",\"urlTemplate\":\"https:\\\/\\\/www.gradjanske.org\\\/en\\\/?s={search_term_string}\"},\"query-input\":{\"@type\":\"PropertyValueSpecification\",\"valueRequired\":true,\"valueName\":\"search_term_string\"}}],\"inLanguage\":\"en-US\"},{\"@type\":\"Organization\",\"@id\":\"https:\\\/\\\/www.gradjanske.org\\\/en\\\/#organization\",\"name\":\"Gra\u0111anske Inicijative\",\"url\":\"https:\\\/\\\/www.gradjanske.org\\\/en\\\/\",\"logo\":{\"@type\":\"ImageObject\",\"inLanguage\":\"en-US\",\"@id\":\"https:\\\/\\\/www.gradjanske.org\\\/en\\\/#\\\/schema\\\/logo\\\/image\\\/\",\"url\":\"https:\\\/\\\/www.gradjanske.org\\\/wp-content\\\/uploads\\\/2018\\\/05\\\/GI-logo.png\",\"contentUrl\":\"https:\\\/\\\/www.gradjanske.org\\\/wp-content\\\/uploads\\\/2018\\\/05\\\/GI-logo.png\",\"width\":1400,\"height\":800,\"caption\":\"Gra\u0111anske Inicijative\"},\"image\":{\"@id\":\"https:\\\/\\\/www.gradjanske.org\\\/en\\\/#\\\/schema\\\/logo\\\/image\\\/\"}},{\"@type\":\"Person\",\"@id\":\"https:\\\/\\\/www.gradjanske.org\\\/en\\\/#\\\/schema\\\/person\\\/ccc793bc1b5374a25fbe367c277af718\",\"name\":\"Teodora\",\"image\":{\"@type\":\"ImageObject\",\"inLanguage\":\"en-US\",\"@id\":\"https:\\\/\\\/secure.gravatar.com\\\/avatar\\\/6e80f2822c6dc37d296626635bf6e0d0b67953e503327344e99b1f640ffbb8d7?s=96&d=mm&r=g\",\"url\":\"https:\\\/\\\/secure.gravatar.com\\\/avatar\\\/6e80f2822c6dc37d296626635bf6e0d0b67953e503327344e99b1f640ffbb8d7?s=96&d=mm&r=g\",\"contentUrl\":\"https:\\\/\\\/secure.gravatar.com\\\/avatar\\\/6e80f2822c6dc37d296626635bf6e0d0b67953e503327344e99b1f640ffbb8d7?s=96&d=mm&r=g\",\"caption\":\"Teodora\"},\"url\":\"https:\\\/\\\/www.gradjanske.org\\\/en\\\/author\\\/teodora\\\/\"}]}<\/script>\n<!-- \/ Yoast SEO plugin. -->","yoast_head_json":{"title":"Three Freedoms Under the Magnifying Glass: 8 - 21 July, 2022 - Gra\u0111anske Inicijative","robots":{"index":"index","follow":"follow","max-snippet":"max-snippet:-1","max-image-preview":"max-image-preview:large","max-video-preview":"max-video-preview:-1"},"canonical":"https:\/\/www.gradjanske.org\/en\/three-freedoms-under-the-magnifying-glass-8-21-july-2022-2\/","og_locale":"en_US","og_type":"article","og_title":"Three Freedoms Under the Magnifying Glass: 8 - 21 July, 2022 - Gra\u0111anske Inicijative","og_description":"Belgrade, 21 July, 2022 &#8211; &nbsp; Violations of basic freedoms in Serbia 8 &#8211; 21 July, 2022 &nbsp; The observed period from July 8 to 21, 2022 was marked by numerous violations of freedom of expression, freedom of assembly and freedom of association in Serbia....","og_url":"https:\/\/www.gradjanske.org\/en\/three-freedoms-under-the-magnifying-glass-8-21-july-2022-2\/","og_site_name":"Gra\u0111anske Inicijative","article_published_time":"2022-07-21T13:00:23+00:00","article_modified_time":"2022-07-27T22:07:23+00:00","og_image":[{"width":344,"height":177,"url":"https:\/\/www.gradjanske.org\/wp-content\/uploads\/2020\/06\/3slobode-feat-eng-344.png","type":"image\/png"}],"author":"Teodora","twitter_card":"summary_large_image","twitter_misc":{"Written by":"Teodora","Est. reading time":"2 minutes"},"schema":{"@context":"https:\/\/schema.org","@graph":[{"@type":"Article","@id":"https:\/\/www.gradjanske.org\/en\/three-freedoms-under-the-magnifying-glass-8-21-july-2022-2\/#article","isPartOf":{"@id":"https:\/\/www.gradjanske.org\/en\/three-freedoms-under-the-magnifying-glass-8-21-july-2022-2\/"},"author":{"name":"Teodora","@id":"https:\/\/www.gradjanske.org\/en\/#\/schema\/person\/ccc793bc1b5374a25fbe367c277af718"},"headline":"Three Freedoms Under the Magnifying Glass: 8 &#8211; 21 July, 2022","datePublished":"2022-07-21T13:00:23+00:00","dateModified":"2022-07-27T22:07:23+00:00","mainEntityOfPage":{"@id":"https:\/\/www.gradjanske.org\/en\/three-freedoms-under-the-magnifying-glass-8-21-july-2022-2\/"},"wordCount":331,"commentCount":0,"publisher":{"@id":"https:\/\/www.gradjanske.org\/en\/#organization"},"image":{"@id":"https:\/\/www.gradjanske.org\/en\/three-freedoms-under-the-magnifying-glass-8-21-july-2022-2\/#primaryimage"},"thumbnailUrl":"https:\/\/www.gradjanske.org\/wp-content\/uploads\/2020\/06\/3slobode-feat-eng-344.png","articleSection":["News","Three Freedoms Under the Magnifying Glass"],"inLanguage":"en-US","potentialAction":[{"@type":"CommentAction","name":"Comment","target":["https:\/\/www.gradjanske.org\/en\/three-freedoms-under-the-magnifying-glass-8-21-july-2022-2\/#respond"]}]},{"@type":"WebPage","@id":"https:\/\/www.gradjanske.org\/en\/three-freedoms-under-the-magnifying-glass-8-21-july-2022-2\/","url":"https:\/\/www.gradjanske.org\/en\/three-freedoms-under-the-magnifying-glass-8-21-july-2022-2\/","name":"Three Freedoms Under the Magnifying Glass: 8 - 21 July, 2022 - Gra\u0111anske Inicijative","isPartOf":{"@id":"https:\/\/www.gradjanske.org\/en\/#website"},"primaryImageOfPage":{"@id":"https:\/\/www.gradjanske.org\/en\/three-freedoms-under-the-magnifying-glass-8-21-july-2022-2\/#primaryimage"},"image":{"@id":"https:\/\/www.gradjanske.org\/en\/three-freedoms-under-the-magnifying-glass-8-21-july-2022-2\/#primaryimage"},"thumbnailUrl":"https:\/\/www.gradjanske.org\/wp-content\/uploads\/2020\/06\/3slobode-feat-eng-344.png","datePublished":"2022-07-21T13:00:23+00:00","dateModified":"2022-07-27T22:07:23+00:00","breadcrumb":{"@id":"https:\/\/www.gradjanske.org\/en\/three-freedoms-under-the-magnifying-glass-8-21-july-2022-2\/#breadcrumb"},"inLanguage":"en-US","potentialAction":[{"@type":"ReadAction","target":["https:\/\/www.gradjanske.org\/en\/three-freedoms-under-the-magnifying-glass-8-21-july-2022-2\/"]}]},{"@type":"ImageObject","inLanguage":"en-US","@id":"https:\/\/www.gradjanske.org\/en\/three-freedoms-under-the-magnifying-glass-8-21-july-2022-2\/#primaryimage","url":"https:\/\/www.gradjanske.org\/wp-content\/uploads\/2020\/06\/3slobode-feat-eng-344.png","contentUrl":"https:\/\/www.gradjanske.org\/wp-content\/uploads\/2020\/06\/3slobode-feat-eng-344.png","width":344,"height":177},{"@type":"BreadcrumbList","@id":"https:\/\/www.gradjanske.org\/en\/three-freedoms-under-the-magnifying-glass-8-21-july-2022-2\/#breadcrumb","itemListElement":[{"@type":"ListItem","position":1,"name":"Home","item":"https:\/\/www.gradjanske.org\/en\/home-2\/"},{"@type":"ListItem","position":2,"name":"Three Freedoms Under the Magnifying Glass: 8 &#8211; 21 July, 2022"}]},{"@type":"WebSite","@id":"https:\/\/www.gradjanske.org\/en\/#website","url":"https:\/\/www.gradjanske.org\/en\/","name":"Gra\u0111anske Inicijative","description":"Civic Initiatives","publisher":{"@id":"https:\/\/www.gradjanske.org\/en\/#organization"},"potentialAction":[{"@type":"SearchAction","target":{"@type":"EntryPoint","urlTemplate":"https:\/\/www.gradjanske.org\/en\/?s={search_term_string}"},"query-input":{"@type":"PropertyValueSpecification","valueRequired":true,"valueName":"search_term_string"}}],"inLanguage":"en-US"},{"@type":"Organization","@id":"https:\/\/www.gradjanske.org\/en\/#organization","name":"Gra\u0111anske Inicijative","url":"https:\/\/www.gradjanske.org\/en\/","logo":{"@type":"ImageObject","inLanguage":"en-US","@id":"https:\/\/www.gradjanske.org\/en\/#\/schema\/logo\/image\/","url":"https:\/\/www.gradjanske.org\/wp-content\/uploads\/2018\/05\/GI-logo.png","contentUrl":"https:\/\/www.gradjanske.org\/wp-content\/uploads\/2018\/05\/GI-logo.png","width":1400,"height":800,"caption":"Gra\u0111anske Inicijative"},"image":{"@id":"https:\/\/www.gradjanske.org\/en\/#\/schema\/logo\/image\/"}},{"@type":"Person","@id":"https:\/\/www.gradjanske.org\/en\/#\/schema\/person\/ccc793bc1b5374a25fbe367c277af718","name":"Teodora","image":{"@type":"ImageObject","inLanguage":"en-US","@id":"https:\/\/secure.gravatar.com\/avatar\/6e80f2822c6dc37d296626635bf6e0d0b67953e503327344e99b1f640ffbb8d7?s=96&d=mm&r=g","url":"https:\/\/secure.gravatar.com\/avatar\/6e80f2822c6dc37d296626635bf6e0d0b67953e503327344e99b1f640ffbb8d7?s=96&d=mm&r=g","contentUrl":"https:\/\/secure.gravatar.com\/avatar\/6e80f2822c6dc37d296626635bf6e0d0b67953e503327344e99b1f640ffbb8d7?s=96&d=mm&r=g","caption":"Teodora"},"url":"https:\/\/www.gradjanske.org\/en\/author\/teodora\/"}]}},"_links":{"self":[{"href":"https:\/\/www.gradjanske.org\/en\/wp-json\/wp\/v2\/posts\/15087","targetHints":{"allow":["GET"]}}],"collection":[{"href":"https:\/\/www.gradjanske.org\/en\/wp-json\/wp\/v2\/posts"}],"about":[{"href":"https:\/\/www.gradjanske.org\/en\/wp-json\/wp\/v2\/types\/post"}],"author":[{"embeddable":true,"href":"https:\/\/www.gradjanske.org\/en\/wp-json\/wp\/v2\/users\/10"}],"replies":[{"embeddable":true,"href":"https:\/\/www.gradjanske.org\/en\/wp-json\/wp\/v2\/comments?post=15087"}],"version-history":[{"count":2,"href":"https:\/\/www.gradjanske.org\/en\/wp-json\/wp\/v2\/posts\/15087\/revisions"}],"predecessor-version":[{"id":15093,"href":"https:\/\/www.gradjanske.org\/en\/wp-json\/wp\/v2\/posts\/15087\/revisions\/15093"}],"wp:featuredmedia":[{"embeddable":true,"href":"https:\/\/www.gradjanske.org\/en\/wp-json\/wp\/v2\/media\/10476"}],"wp:attachment":[{"href":"https:\/\/www.gradjanske.org\/en\/wp-json\/wp\/v2\/media?parent=15087"}],"wp:term":[{"taxonomy":"category","embeddable":true,"href":"https:\/\/www.gradjanske.org\/en\/wp-json\/wp\/v2\/categories?post=15087"},{"taxonomy":"post_tag","embeddable":true,"href":"https:\/\/www.gradjanske.org\/en\/wp-json\/wp\/v2\/tags?post=15087"}],"curies":[{"name":"wp","href":"https:\/\/api.w.org\/{rel}","templated":true}]}}