{"id":18148,"date":"2024-10-10T21:30:28","date_gmt":"2024-10-10T19:30:28","guid":{"rendered":"https:\/\/www.gradjanske.org\/?p=18148"},"modified":"2024-10-10T21:30:28","modified_gmt":"2024-10-10T19:30:28","slug":"three-freedoms-under-the-magnifying-glass-september-27-october-10-2024","status":"publish","type":"post","link":"https:\/\/www.gradjanske.org\/en\/three-freedoms-under-the-magnifying-glass-september-27-october-10-2024\/","title":{"rendered":"Three Freedoms Under the Magnifying Glass: September 27 \u2013 October 10, 2024"},"content":{"rendered":"<p>Belgrade, October 10, 2024<\/p>\n<h3 style=\"text-align: center;\">Violations of basic freedoms in Serbia<\/h3>\n<h3 style=\"text-align: center;\">September 27 \u2013 October 10, 2024<\/h3>\n<p>&nbsp;<\/p>\n<p>The previously observed period was marked by attacks and targeting of journalists. Representatives of the authorities launched a campaign against the journalist Ljiljana Stojanovi\u0107 because of a critical question addressed to the minister, while the lawyer verbally attacked the journalist Dinko Gruhonji\u0107. IN media portal faces pressure and SLAPP lawsuits for reporting on controversial events.<\/p>\n<p>In several cases, local media are denied the opportunity to report from the sessions of local assemblies, which reduces the transparency of the work of local authorities.<\/p>\n<p>Citizens who decide to protest as a way of expressing dissatisfaction face pressure. After the farmers&#8217; protest, members of certain associations were invited to informative talks, which puts pressure on the activists and undermines basic rights. The Prosecutor&#8217;s Office dismissed the criminal charges against the anonymous creators of the list of &#8220;environmental terrorists&#8221;. Of particular concern are the proposed amendments to the Criminal Code, which will potentially punish persons who invite citizens to protests.<\/p>\n<p>You can find more details about these cases in the full report below.<\/p>\n<a  itemprop=\"url\" href=\"https:\/\/www.gradjanske.org\/wp-content\/uploads\/2024\/10\/20.-Three-Freedoms-Under-the-Magnifying-Glass-September-27-October-10.pdf\" target=\"_self\"  class=\"qbutton  default\" style=\"\">CASES OF VIOLATIONS OF BASIC HUMAN RIGHTS IN SERBIA SEPTEMBER 27 - OCTOBER 10, 2024<i class=\"qode_icon_font_awesome fa fa-download qode_button_icon_element\"><\/i><\/a>\n","protected":false},"excerpt":{"rendered":"<p>Belgrade, October 10, 2024 Violations of basic freedoms in Serbia September 27 \u2013 October 10, 2024 &nbsp; The previously observed period was marked by attacks and targeting of journalists. Representatives of the authorities launched a campaign against the journalist Ljiljana Stojanovi\u0107 because of a critical&#8230;<\/p>\n","protected":false},"author":27,"featured_media":10476,"comment_status":"closed","ping_status":"closed","sticky":false,"template":"","format":"standard","meta":{"_monsterinsights_skip_tracking":false,"_monsterinsights_sitenote_active":false,"_monsterinsights_sitenote_note":"","_monsterinsights_sitenote_category":0,"footnotes":""},"categories":[10,561],"tags":[],"class_list":["post-18148","post","type-post","status-publish","format-standard","has-post-thumbnail","hentry","category-news","category-three-freedoms-under-the-magnifying-glass"],"yoast_head":"<!-- This site is optimized with the Yoast SEO plugin v28.0 - https:\/\/yoast.com\/product\/yoast-seo-wordpress\/ -->\n<title>Three Freedoms Under the Magnifying Glass: September 27 \u2013 October 10, 2024 - Gra\u0111anske Inicijative<\/title>\n<meta name=\"robots\" content=\"index, follow, max-snippet:-1, max-image-preview:large, max-video-preview:-1\" \/>\n<link rel=\"canonical\" href=\"https:\/\/www.gradjanske.org\/en\/three-freedoms-under-the-magnifying-glass-september-27-october-10-2024\/\" \/>\n<meta property=\"og:locale\" content=\"en_US\" \/>\n<meta property=\"og:type\" content=\"article\" \/>\n<meta property=\"og:title\" content=\"Three Freedoms Under the Magnifying Glass: September 27 \u2013 October 10, 2024 - Gra\u0111anske Inicijative\" \/>\n<meta property=\"og:description\" content=\"Belgrade, October 10, 2024 Violations of basic freedoms in Serbia September 27 \u2013 October 10, 2024 &nbsp; The previously observed period was marked by attacks and targeting of journalists. Representatives of the authorities launched a campaign against the journalist Ljiljana Stojanovi\u0107 because of a critical...\" \/>\n<meta property=\"og:url\" content=\"https:\/\/www.gradjanske.org\/en\/three-freedoms-under-the-magnifying-glass-september-27-october-10-2024\/\" \/>\n<meta property=\"og:site_name\" content=\"Gra\u0111anske Inicijative\" \/>\n<meta property=\"article:published_time\" content=\"2024-10-10T19:30:28+00:00\" \/>\n<meta property=\"og:image\" content=\"https:\/\/www.gradjanske.org\/wp-content\/uploads\/2020\/06\/3slobode-feat-eng-344.png\" \/>\n\t<meta property=\"og:image:width\" content=\"344\" \/>\n\t<meta property=\"og:image:height\" content=\"177\" \/>\n\t<meta property=\"og:image:type\" content=\"image\/png\" \/>\n<meta name=\"author\" content=\"Alma Mustajba\u0161i\u0107\" \/>\n<meta name=\"twitter:card\" content=\"summary_large_image\" \/>\n<meta name=\"twitter:label1\" content=\"Written by\" \/>\n\t<meta name=\"twitter:data1\" content=\"Alma Mustajba\u0161i\u0107\" \/>\n\t<meta name=\"twitter:label2\" content=\"Est. reading time\" \/>\n\t<meta name=\"twitter:data2\" content=\"2 minutes\" \/>\n<script type=\"application\/ld+json\" class=\"yoast-schema-graph\">{\"@context\":\"https:\\\/\\\/schema.org\",\"@graph\":[{\"@type\":\"Article\",\"@id\":\"https:\\\/\\\/www.gradjanske.org\\\/en\\\/three-freedoms-under-the-magnifying-glass-september-27-october-10-2024\\\/#article\",\"isPartOf\":{\"@id\":\"https:\\\/\\\/www.gradjanske.org\\\/en\\\/three-freedoms-under-the-magnifying-glass-september-27-october-10-2024\\\/\"},\"author\":{\"name\":\"Alma Mustajba\u0161i\u0107\",\"@id\":\"https:\\\/\\\/www.gradjanske.org\\\/en\\\/#\\\/schema\\\/person\\\/6051173b26d7961f0cb13a5e1f6f097e\"},\"headline\":\"Three Freedoms Under the Magnifying Glass: September 27 \u2013 October 10, 2024\",\"datePublished\":\"2024-10-10T19:30:28+00:00\",\"mainEntityOfPage\":{\"@id\":\"https:\\\/\\\/www.gradjanske.org\\\/en\\\/three-freedoms-under-the-magnifying-glass-september-27-october-10-2024\\\/\"},\"wordCount\":241,\"publisher\":{\"@id\":\"https:\\\/\\\/www.gradjanske.org\\\/en\\\/#organization\"},\"image\":{\"@id\":\"https:\\\/\\\/www.gradjanske.org\\\/en\\\/three-freedoms-under-the-magnifying-glass-september-27-october-10-2024\\\/#primaryimage\"},\"thumbnailUrl\":\"https:\\\/\\\/www.gradjanske.org\\\/wp-content\\\/uploads\\\/2020\\\/06\\\/3slobode-feat-eng-344.png\",\"articleSection\":[\"News\",\"Three Freedoms Under the Magnifying Glass\"],\"inLanguage\":\"en-US\"},{\"@type\":\"WebPage\",\"@id\":\"https:\\\/\\\/www.gradjanske.org\\\/en\\\/three-freedoms-under-the-magnifying-glass-september-27-october-10-2024\\\/\",\"url\":\"https:\\\/\\\/www.gradjanske.org\\\/en\\\/three-freedoms-under-the-magnifying-glass-september-27-october-10-2024\\\/\",\"name\":\"Three Freedoms Under the Magnifying Glass: September 27 \u2013 October 10, 2024 - Gra\u0111anske Inicijative\",\"isPartOf\":{\"@id\":\"https:\\\/\\\/www.gradjanske.org\\\/en\\\/#website\"},\"primaryImageOfPage\":{\"@id\":\"https:\\\/\\\/www.gradjanske.org\\\/en\\\/three-freedoms-under-the-magnifying-glass-september-27-october-10-2024\\\/#primaryimage\"},\"image\":{\"@id\":\"https:\\\/\\\/www.gradjanske.org\\\/en\\\/three-freedoms-under-the-magnifying-glass-september-27-october-10-2024\\\/#primaryimage\"},\"thumbnailUrl\":\"https:\\\/\\\/www.gradjanske.org\\\/wp-content\\\/uploads\\\/2020\\\/06\\\/3slobode-feat-eng-344.png\",\"datePublished\":\"2024-10-10T19:30:28+00:00\",\"breadcrumb\":{\"@id\":\"https:\\\/\\\/www.gradjanske.org\\\/en\\\/three-freedoms-under-the-magnifying-glass-september-27-october-10-2024\\\/#breadcrumb\"},\"inLanguage\":\"en-US\",\"potentialAction\":[{\"@type\":\"ReadAction\",\"target\":[\"https:\\\/\\\/www.gradjanske.org\\\/en\\\/three-freedoms-under-the-magnifying-glass-september-27-october-10-2024\\\/\"]}]},{\"@type\":\"ImageObject\",\"inLanguage\":\"en-US\",\"@id\":\"https:\\\/\\\/www.gradjanske.org\\\/en\\\/three-freedoms-under-the-magnifying-glass-september-27-october-10-2024\\\/#primaryimage\",\"url\":\"https:\\\/\\\/www.gradjanske.org\\\/wp-content\\\/uploads\\\/2020\\\/06\\\/3slobode-feat-eng-344.png\",\"contentUrl\":\"https:\\\/\\\/www.gradjanske.org\\\/wp-content\\\/uploads\\\/2020\\\/06\\\/3slobode-feat-eng-344.png\",\"width\":344,\"height\":177},{\"@type\":\"BreadcrumbList\",\"@id\":\"https:\\\/\\\/www.gradjanske.org\\\/en\\\/three-freedoms-under-the-magnifying-glass-september-27-october-10-2024\\\/#breadcrumb\",\"itemListElement\":[{\"@type\":\"ListItem\",\"position\":1,\"name\":\"Home\",\"item\":\"https:\\\/\\\/www.gradjanske.org\\\/en\\\/home-2\\\/\"},{\"@type\":\"ListItem\",\"position\":2,\"name\":\"Three Freedoms Under the Magnifying Glass: September 27 \u2013 October 10, 2024\"}]},{\"@type\":\"WebSite\",\"@id\":\"https:\\\/\\\/www.gradjanske.org\\\/en\\\/#website\",\"url\":\"https:\\\/\\\/www.gradjanske.org\\\/en\\\/\",\"name\":\"Gra\u0111anske Inicijative\",\"description\":\"Civic Initiatives\",\"publisher\":{\"@id\":\"https:\\\/\\\/www.gradjanske.org\\\/en\\\/#organization\"},\"potentialAction\":[{\"@type\":\"SearchAction\",\"target\":{\"@type\":\"EntryPoint\",\"urlTemplate\":\"https:\\\/\\\/www.gradjanske.org\\\/en\\\/?s={search_term_string}\"},\"query-input\":{\"@type\":\"PropertyValueSpecification\",\"valueRequired\":true,\"valueName\":\"search_term_string\"}}],\"inLanguage\":\"en-US\"},{\"@type\":\"Organization\",\"@id\":\"https:\\\/\\\/www.gradjanske.org\\\/en\\\/#organization\",\"name\":\"Gra\u0111anske Inicijative\",\"url\":\"https:\\\/\\\/www.gradjanske.org\\\/en\\\/\",\"logo\":{\"@type\":\"ImageObject\",\"inLanguage\":\"en-US\",\"@id\":\"https:\\\/\\\/www.gradjanske.org\\\/en\\\/#\\\/schema\\\/logo\\\/image\\\/\",\"url\":\"https:\\\/\\\/www.gradjanske.org\\\/wp-content\\\/uploads\\\/2018\\\/05\\\/GI-logo.png\",\"contentUrl\":\"https:\\\/\\\/www.gradjanske.org\\\/wp-content\\\/uploads\\\/2018\\\/05\\\/GI-logo.png\",\"width\":1400,\"height\":800,\"caption\":\"Gra\u0111anske Inicijative\"},\"image\":{\"@id\":\"https:\\\/\\\/www.gradjanske.org\\\/en\\\/#\\\/schema\\\/logo\\\/image\\\/\"}},{\"@type\":\"Person\",\"@id\":\"https:\\\/\\\/www.gradjanske.org\\\/en\\\/#\\\/schema\\\/person\\\/6051173b26d7961f0cb13a5e1f6f097e\",\"name\":\"Alma Mustajba\u0161i\u0107\",\"image\":{\"@type\":\"ImageObject\",\"inLanguage\":\"en-US\",\"@id\":\"https:\\\/\\\/secure.gravatar.com\\\/avatar\\\/644dd0d6f8e712df274ac929b7249ca5a5b0d3fe70b61adc5a9900eeba933e30?s=96&d=mm&r=g\",\"url\":\"https:\\\/\\\/secure.gravatar.com\\\/avatar\\\/644dd0d6f8e712df274ac929b7249ca5a5b0d3fe70b61adc5a9900eeba933e30?s=96&d=mm&r=g\",\"contentUrl\":\"https:\\\/\\\/secure.gravatar.com\\\/avatar\\\/644dd0d6f8e712df274ac929b7249ca5a5b0d3fe70b61adc5a9900eeba933e30?s=96&d=mm&r=g\",\"caption\":\"Alma Mustajba\u0161i\u0107\"},\"url\":\"https:\\\/\\\/www.gradjanske.org\\\/en\\\/author\\\/alma\\\/\"}]}<\/script>\n<!-- \/ Yoast SEO plugin. -->","yoast_head_json":{"title":"Three Freedoms Under the Magnifying Glass: September 27 \u2013 October 10, 2024 - Gra\u0111anske Inicijative","robots":{"index":"index","follow":"follow","max-snippet":"max-snippet:-1","max-image-preview":"max-image-preview:large","max-video-preview":"max-video-preview:-1"},"canonical":"https:\/\/www.gradjanske.org\/en\/three-freedoms-under-the-magnifying-glass-september-27-october-10-2024\/","og_locale":"en_US","og_type":"article","og_title":"Three Freedoms Under the Magnifying Glass: September 27 \u2013 October 10, 2024 - Gra\u0111anske Inicijative","og_description":"Belgrade, October 10, 2024 Violations of basic freedoms in Serbia September 27 \u2013 October 10, 2024 &nbsp; The previously observed period was marked by attacks and targeting of journalists. Representatives of the authorities launched a campaign against the journalist Ljiljana Stojanovi\u0107 because of a critical...","og_url":"https:\/\/www.gradjanske.org\/en\/three-freedoms-under-the-magnifying-glass-september-27-october-10-2024\/","og_site_name":"Gra\u0111anske Inicijative","article_published_time":"2024-10-10T19:30:28+00:00","og_image":[{"width":344,"height":177,"url":"https:\/\/www.gradjanske.org\/wp-content\/uploads\/2020\/06\/3slobode-feat-eng-344.png","type":"image\/png"}],"author":"Alma Mustajba\u0161i\u0107","twitter_card":"summary_large_image","twitter_misc":{"Written by":"Alma Mustajba\u0161i\u0107","Est. reading time":"2 minutes"},"schema":{"@context":"https:\/\/schema.org","@graph":[{"@type":"Article","@id":"https:\/\/www.gradjanske.org\/en\/three-freedoms-under-the-magnifying-glass-september-27-october-10-2024\/#article","isPartOf":{"@id":"https:\/\/www.gradjanske.org\/en\/three-freedoms-under-the-magnifying-glass-september-27-october-10-2024\/"},"author":{"name":"Alma Mustajba\u0161i\u0107","@id":"https:\/\/www.gradjanske.org\/en\/#\/schema\/person\/6051173b26d7961f0cb13a5e1f6f097e"},"headline":"Three Freedoms Under the Magnifying Glass: September 27 \u2013 October 10, 2024","datePublished":"2024-10-10T19:30:28+00:00","mainEntityOfPage":{"@id":"https:\/\/www.gradjanske.org\/en\/three-freedoms-under-the-magnifying-glass-september-27-october-10-2024\/"},"wordCount":241,"publisher":{"@id":"https:\/\/www.gradjanske.org\/en\/#organization"},"image":{"@id":"https:\/\/www.gradjanske.org\/en\/three-freedoms-under-the-magnifying-glass-september-27-october-10-2024\/#primaryimage"},"thumbnailUrl":"https:\/\/www.gradjanske.org\/wp-content\/uploads\/2020\/06\/3slobode-feat-eng-344.png","articleSection":["News","Three Freedoms Under the Magnifying Glass"],"inLanguage":"en-US"},{"@type":"WebPage","@id":"https:\/\/www.gradjanske.org\/en\/three-freedoms-under-the-magnifying-glass-september-27-october-10-2024\/","url":"https:\/\/www.gradjanske.org\/en\/three-freedoms-under-the-magnifying-glass-september-27-october-10-2024\/","name":"Three Freedoms Under the Magnifying Glass: September 27 \u2013 October 10, 2024 - Gra\u0111anske Inicijative","isPartOf":{"@id":"https:\/\/www.gradjanske.org\/en\/#website"},"primaryImageOfPage":{"@id":"https:\/\/www.gradjanske.org\/en\/three-freedoms-under-the-magnifying-glass-september-27-october-10-2024\/#primaryimage"},"image":{"@id":"https:\/\/www.gradjanske.org\/en\/three-freedoms-under-the-magnifying-glass-september-27-october-10-2024\/#primaryimage"},"thumbnailUrl":"https:\/\/www.gradjanske.org\/wp-content\/uploads\/2020\/06\/3slobode-feat-eng-344.png","datePublished":"2024-10-10T19:30:28+00:00","breadcrumb":{"@id":"https:\/\/www.gradjanske.org\/en\/three-freedoms-under-the-magnifying-glass-september-27-october-10-2024\/#breadcrumb"},"inLanguage":"en-US","potentialAction":[{"@type":"ReadAction","target":["https:\/\/www.gradjanske.org\/en\/three-freedoms-under-the-magnifying-glass-september-27-october-10-2024\/"]}]},{"@type":"ImageObject","inLanguage":"en-US","@id":"https:\/\/www.gradjanske.org\/en\/three-freedoms-under-the-magnifying-glass-september-27-october-10-2024\/#primaryimage","url":"https:\/\/www.gradjanske.org\/wp-content\/uploads\/2020\/06\/3slobode-feat-eng-344.png","contentUrl":"https:\/\/www.gradjanske.org\/wp-content\/uploads\/2020\/06\/3slobode-feat-eng-344.png","width":344,"height":177},{"@type":"BreadcrumbList","@id":"https:\/\/www.gradjanske.org\/en\/three-freedoms-under-the-magnifying-glass-september-27-october-10-2024\/#breadcrumb","itemListElement":[{"@type":"ListItem","position":1,"name":"Home","item":"https:\/\/www.gradjanske.org\/en\/home-2\/"},{"@type":"ListItem","position":2,"name":"Three Freedoms Under the Magnifying Glass: September 27 \u2013 October 10, 2024"}]},{"@type":"WebSite","@id":"https:\/\/www.gradjanske.org\/en\/#website","url":"https:\/\/www.gradjanske.org\/en\/","name":"Gra\u0111anske Inicijative","description":"Civic Initiatives","publisher":{"@id":"https:\/\/www.gradjanske.org\/en\/#organization"},"potentialAction":[{"@type":"SearchAction","target":{"@type":"EntryPoint","urlTemplate":"https:\/\/www.gradjanske.org\/en\/?s={search_term_string}"},"query-input":{"@type":"PropertyValueSpecification","valueRequired":true,"valueName":"search_term_string"}}],"inLanguage":"en-US"},{"@type":"Organization","@id":"https:\/\/www.gradjanske.org\/en\/#organization","name":"Gra\u0111anske Inicijative","url":"https:\/\/www.gradjanske.org\/en\/","logo":{"@type":"ImageObject","inLanguage":"en-US","@id":"https:\/\/www.gradjanske.org\/en\/#\/schema\/logo\/image\/","url":"https:\/\/www.gradjanske.org\/wp-content\/uploads\/2018\/05\/GI-logo.png","contentUrl":"https:\/\/www.gradjanske.org\/wp-content\/uploads\/2018\/05\/GI-logo.png","width":1400,"height":800,"caption":"Gra\u0111anske Inicijative"},"image":{"@id":"https:\/\/www.gradjanske.org\/en\/#\/schema\/logo\/image\/"}},{"@type":"Person","@id":"https:\/\/www.gradjanske.org\/en\/#\/schema\/person\/6051173b26d7961f0cb13a5e1f6f097e","name":"Alma Mustajba\u0161i\u0107","image":{"@type":"ImageObject","inLanguage":"en-US","@id":"https:\/\/secure.gravatar.com\/avatar\/644dd0d6f8e712df274ac929b7249ca5a5b0d3fe70b61adc5a9900eeba933e30?s=96&d=mm&r=g","url":"https:\/\/secure.gravatar.com\/avatar\/644dd0d6f8e712df274ac929b7249ca5a5b0d3fe70b61adc5a9900eeba933e30?s=96&d=mm&r=g","contentUrl":"https:\/\/secure.gravatar.com\/avatar\/644dd0d6f8e712df274ac929b7249ca5a5b0d3fe70b61adc5a9900eeba933e30?s=96&d=mm&r=g","caption":"Alma Mustajba\u0161i\u0107"},"url":"https:\/\/www.gradjanske.org\/en\/author\/alma\/"}]}},"_links":{"self":[{"href":"https:\/\/www.gradjanske.org\/en\/wp-json\/wp\/v2\/posts\/18148","targetHints":{"allow":["GET"]}}],"collection":[{"href":"https:\/\/www.gradjanske.org\/en\/wp-json\/wp\/v2\/posts"}],"about":[{"href":"https:\/\/www.gradjanske.org\/en\/wp-json\/wp\/v2\/types\/post"}],"author":[{"embeddable":true,"href":"https:\/\/www.gradjanske.org\/en\/wp-json\/wp\/v2\/users\/27"}],"replies":[{"embeddable":true,"href":"https:\/\/www.gradjanske.org\/en\/wp-json\/wp\/v2\/comments?post=18148"}],"version-history":[{"count":1,"href":"https:\/\/www.gradjanske.org\/en\/wp-json\/wp\/v2\/posts\/18148\/revisions"}],"predecessor-version":[{"id":18150,"href":"https:\/\/www.gradjanske.org\/en\/wp-json\/wp\/v2\/posts\/18148\/revisions\/18150"}],"wp:featuredmedia":[{"embeddable":true,"href":"https:\/\/www.gradjanske.org\/en\/wp-json\/wp\/v2\/media\/10476"}],"wp:attachment":[{"href":"https:\/\/www.gradjanske.org\/en\/wp-json\/wp\/v2\/media?parent=18148"}],"wp:term":[{"taxonomy":"category","embeddable":true,"href":"https:\/\/www.gradjanske.org\/en\/wp-json\/wp\/v2\/categories?post=18148"},{"taxonomy":"post_tag","embeddable":true,"href":"https:\/\/www.gradjanske.org\/en\/wp-json\/wp\/v2\/tags?post=18148"}],"curies":[{"name":"wp","href":"https:\/\/api.w.org\/{rel}","templated":true}]}}