{"id":18910,"date":"2025-04-03T10:44:57","date_gmt":"2025-04-03T08:44:57","guid":{"rendered":"https:\/\/www.gradjanske.org\/?p=18910"},"modified":"2025-04-03T10:45:06","modified_gmt":"2025-04-03T08:45:06","slug":"three-freedoms-under-the-magnifying-glass-march-21-april-3-2025","status":"publish","type":"post","link":"https:\/\/www.gradjanske.org\/en\/three-freedoms-under-the-magnifying-glass-march-21-april-3-2025\/","title":{"rendered":"Three Freedoms Under the Magnifying Glass: March 21 \u2013 April 3, 2025"},"content":{"rendered":"<p>Belgrade, April 3, 2025<\/p>\n<h3 style=\"text-align: center;\">Violations of basic freedoms in Serbia<\/h3>\n<h3 style=\"text-align: center;\">March 21 \u2013 April 3, 2025<\/h3>\n<p>&nbsp;<\/p>\n<p>Professors and teachers who support the student blockades are under great pressure from the authorities and suffer numerous negative consequences for expressing their opinion publicly. Their February salaries were drastically reduced, but the pressures do not end there. Now state officials and pro-government media are openly calling for the arrest of the Belgrade rector and are targeting faculty and school professors on a daily basis. In the midst of a tabloid smear campaign, the dean from Ni\u0161 was physically attacked. An older woman attacked the dean with a knife, and the fact that high government officials, starting with the president of the country, tried to relativize this violent act towards the dean, whom the president personally called a &#8220;criminal&#8221; just a few days before the attack, is equally terrible.<\/p>\n<p>At the same time, attacks continue on students and citizens who protest, as well as journalists who report objectively. Students in \u010ca\u010dak were attacked by a group of about 20 people, and students in Novi Sad were beaten with belts by a group of 10 men.<\/p>\n<p>In recent weeks, there has been an increase in the number of students and citizens who have been detained or invited for informational interviews. The first criminal complaint was also filed against a group of students from one faculty in the blockade.<\/p>\n<p>You can find more details about these cases in the full report below.<\/p>\n<a  itemprop=\"url\" href=\"https:\/\/www.gradjanske.org\/wp-content\/uploads\/2025\/04\/6.-Three-Freedoms-Under-the-Magnifying-Glass-March-21-April-3.pdf\" target=\"_self\"  class=\"qbutton  default\" style=\"\">CASES OF VIOLATIONS OF BASIC HUMAN RIGHTS IN SERBIA MARCH 21 - APRIL 3, 2025<i class=\"qode_icon_font_awesome fa fa-download qode_button_icon_element\"><\/i><\/a>\n","protected":false},"excerpt":{"rendered":"<p>Belgrade, April 3, 2025 Violations of basic freedoms in Serbia March 21 \u2013 April 3, 2025 &nbsp; Professors and teachers who support the student blockades are under great pressure from the authorities and suffer numerous negative consequences for expressing their opinion publicly. Their February salaries&#8230;<\/p>\n","protected":false},"author":27,"featured_media":10476,"comment_status":"closed","ping_status":"closed","sticky":false,"template":"","format":"standard","meta":{"_monsterinsights_skip_tracking":false,"_monsterinsights_sitenote_active":false,"_monsterinsights_sitenote_note":"","_monsterinsights_sitenote_category":0,"footnotes":""},"categories":[10,561],"tags":[],"class_list":["post-18910","post","type-post","status-publish","format-standard","has-post-thumbnail","hentry","category-news","category-three-freedoms-under-the-magnifying-glass"],"yoast_head":"<!-- This site is optimized with the Yoast SEO plugin v28.0 - https:\/\/yoast.com\/product\/yoast-seo-wordpress\/ -->\n<title>Three Freedoms Under the Magnifying Glass: March 21 \u2013 April 3, 2025 - Gra\u0111anske Inicijative<\/title>\n<meta name=\"robots\" content=\"index, follow, max-snippet:-1, max-image-preview:large, max-video-preview:-1\" \/>\n<link rel=\"canonical\" href=\"https:\/\/www.gradjanske.org\/en\/three-freedoms-under-the-magnifying-glass-march-21-april-3-2025\/\" \/>\n<meta property=\"og:locale\" content=\"en_US\" \/>\n<meta property=\"og:type\" content=\"article\" \/>\n<meta property=\"og:title\" content=\"Three Freedoms Under the Magnifying Glass: March 21 \u2013 April 3, 2025 - Gra\u0111anske Inicijative\" \/>\n<meta property=\"og:description\" content=\"Belgrade, April 3, 2025 Violations of basic freedoms in Serbia March 21 \u2013 April 3, 2025 &nbsp; Professors and teachers who support the student blockades are under great pressure from the authorities and suffer numerous negative consequences for expressing their opinion publicly. Their February salaries...\" \/>\n<meta property=\"og:url\" content=\"https:\/\/www.gradjanske.org\/en\/three-freedoms-under-the-magnifying-glass-march-21-april-3-2025\/\" \/>\n<meta property=\"og:site_name\" content=\"Gra\u0111anske Inicijative\" \/>\n<meta property=\"article:published_time\" content=\"2025-04-03T08:44:57+00:00\" \/>\n<meta property=\"article:modified_time\" content=\"2025-04-03T08:45:06+00:00\" \/>\n<meta property=\"og:image\" content=\"https:\/\/www.gradjanske.org\/wp-content\/uploads\/2020\/06\/3slobode-feat-eng-344.png\" \/>\n\t<meta property=\"og:image:width\" content=\"344\" \/>\n\t<meta property=\"og:image:height\" content=\"177\" \/>\n\t<meta property=\"og:image:type\" content=\"image\/png\" \/>\n<meta name=\"author\" content=\"Alma Mustajba\u0161i\u0107\" \/>\n<meta name=\"twitter:card\" content=\"summary_large_image\" \/>\n<meta name=\"twitter:label1\" content=\"Written by\" \/>\n\t<meta name=\"twitter:data1\" content=\"Alma Mustajba\u0161i\u0107\" \/>\n\t<meta name=\"twitter:label2\" content=\"Est. reading time\" \/>\n\t<meta name=\"twitter:data2\" content=\"2 minutes\" \/>\n<script type=\"application\/ld+json\" class=\"yoast-schema-graph\">{\"@context\":\"https:\\\/\\\/schema.org\",\"@graph\":[{\"@type\":\"Article\",\"@id\":\"https:\\\/\\\/www.gradjanske.org\\\/en\\\/three-freedoms-under-the-magnifying-glass-march-21-april-3-2025\\\/#article\",\"isPartOf\":{\"@id\":\"https:\\\/\\\/www.gradjanske.org\\\/en\\\/three-freedoms-under-the-magnifying-glass-march-21-april-3-2025\\\/\"},\"author\":{\"name\":\"Alma Mustajba\u0161i\u0107\",\"@id\":\"https:\\\/\\\/www.gradjanske.org\\\/en\\\/#\\\/schema\\\/person\\\/6051173b26d7961f0cb13a5e1f6f097e\"},\"headline\":\"Three Freedoms Under the Magnifying Glass: March 21 \u2013 April 3, 2025\",\"datePublished\":\"2025-04-03T08:44:57+00:00\",\"dateModified\":\"2025-04-03T08:45:06+00:00\",\"mainEntityOfPage\":{\"@id\":\"https:\\\/\\\/www.gradjanske.org\\\/en\\\/three-freedoms-under-the-magnifying-glass-march-21-april-3-2025\\\/\"},\"wordCount\":300,\"publisher\":{\"@id\":\"https:\\\/\\\/www.gradjanske.org\\\/en\\\/#organization\"},\"image\":{\"@id\":\"https:\\\/\\\/www.gradjanske.org\\\/en\\\/three-freedoms-under-the-magnifying-glass-march-21-april-3-2025\\\/#primaryimage\"},\"thumbnailUrl\":\"https:\\\/\\\/www.gradjanske.org\\\/wp-content\\\/uploads\\\/2020\\\/06\\\/3slobode-feat-eng-344.png\",\"articleSection\":[\"News\",\"Three Freedoms Under the Magnifying Glass\"],\"inLanguage\":\"en-US\"},{\"@type\":\"WebPage\",\"@id\":\"https:\\\/\\\/www.gradjanske.org\\\/en\\\/three-freedoms-under-the-magnifying-glass-march-21-april-3-2025\\\/\",\"url\":\"https:\\\/\\\/www.gradjanske.org\\\/en\\\/three-freedoms-under-the-magnifying-glass-march-21-april-3-2025\\\/\",\"name\":\"Three Freedoms Under the Magnifying Glass: March 21 \u2013 April 3, 2025 - Gra\u0111anske Inicijative\",\"isPartOf\":{\"@id\":\"https:\\\/\\\/www.gradjanske.org\\\/en\\\/#website\"},\"primaryImageOfPage\":{\"@id\":\"https:\\\/\\\/www.gradjanske.org\\\/en\\\/three-freedoms-under-the-magnifying-glass-march-21-april-3-2025\\\/#primaryimage\"},\"image\":{\"@id\":\"https:\\\/\\\/www.gradjanske.org\\\/en\\\/three-freedoms-under-the-magnifying-glass-march-21-april-3-2025\\\/#primaryimage\"},\"thumbnailUrl\":\"https:\\\/\\\/www.gradjanske.org\\\/wp-content\\\/uploads\\\/2020\\\/06\\\/3slobode-feat-eng-344.png\",\"datePublished\":\"2025-04-03T08:44:57+00:00\",\"dateModified\":\"2025-04-03T08:45:06+00:00\",\"breadcrumb\":{\"@id\":\"https:\\\/\\\/www.gradjanske.org\\\/en\\\/three-freedoms-under-the-magnifying-glass-march-21-april-3-2025\\\/#breadcrumb\"},\"inLanguage\":\"en-US\",\"potentialAction\":[{\"@type\":\"ReadAction\",\"target\":[\"https:\\\/\\\/www.gradjanske.org\\\/en\\\/three-freedoms-under-the-magnifying-glass-march-21-april-3-2025\\\/\"]}]},{\"@type\":\"ImageObject\",\"inLanguage\":\"en-US\",\"@id\":\"https:\\\/\\\/www.gradjanske.org\\\/en\\\/three-freedoms-under-the-magnifying-glass-march-21-april-3-2025\\\/#primaryimage\",\"url\":\"https:\\\/\\\/www.gradjanske.org\\\/wp-content\\\/uploads\\\/2020\\\/06\\\/3slobode-feat-eng-344.png\",\"contentUrl\":\"https:\\\/\\\/www.gradjanske.org\\\/wp-content\\\/uploads\\\/2020\\\/06\\\/3slobode-feat-eng-344.png\",\"width\":344,\"height\":177},{\"@type\":\"BreadcrumbList\",\"@id\":\"https:\\\/\\\/www.gradjanske.org\\\/en\\\/three-freedoms-under-the-magnifying-glass-march-21-april-3-2025\\\/#breadcrumb\",\"itemListElement\":[{\"@type\":\"ListItem\",\"position\":1,\"name\":\"Home\",\"item\":\"https:\\\/\\\/www.gradjanske.org\\\/en\\\/home-2\\\/\"},{\"@type\":\"ListItem\",\"position\":2,\"name\":\"Three Freedoms Under the Magnifying Glass: March 21 \u2013 April 3, 2025\"}]},{\"@type\":\"WebSite\",\"@id\":\"https:\\\/\\\/www.gradjanske.org\\\/en\\\/#website\",\"url\":\"https:\\\/\\\/www.gradjanske.org\\\/en\\\/\",\"name\":\"Gra\u0111anske Inicijative\",\"description\":\"Civic Initiatives\",\"publisher\":{\"@id\":\"https:\\\/\\\/www.gradjanske.org\\\/en\\\/#organization\"},\"potentialAction\":[{\"@type\":\"SearchAction\",\"target\":{\"@type\":\"EntryPoint\",\"urlTemplate\":\"https:\\\/\\\/www.gradjanske.org\\\/en\\\/?s={search_term_string}\"},\"query-input\":{\"@type\":\"PropertyValueSpecification\",\"valueRequired\":true,\"valueName\":\"search_term_string\"}}],\"inLanguage\":\"en-US\"},{\"@type\":\"Organization\",\"@id\":\"https:\\\/\\\/www.gradjanske.org\\\/en\\\/#organization\",\"name\":\"Gra\u0111anske Inicijative\",\"url\":\"https:\\\/\\\/www.gradjanske.org\\\/en\\\/\",\"logo\":{\"@type\":\"ImageObject\",\"inLanguage\":\"en-US\",\"@id\":\"https:\\\/\\\/www.gradjanske.org\\\/en\\\/#\\\/schema\\\/logo\\\/image\\\/\",\"url\":\"https:\\\/\\\/www.gradjanske.org\\\/wp-content\\\/uploads\\\/2018\\\/05\\\/GI-logo.png\",\"contentUrl\":\"https:\\\/\\\/www.gradjanske.org\\\/wp-content\\\/uploads\\\/2018\\\/05\\\/GI-logo.png\",\"width\":1400,\"height\":800,\"caption\":\"Gra\u0111anske Inicijative\"},\"image\":{\"@id\":\"https:\\\/\\\/www.gradjanske.org\\\/en\\\/#\\\/schema\\\/logo\\\/image\\\/\"}},{\"@type\":\"Person\",\"@id\":\"https:\\\/\\\/www.gradjanske.org\\\/en\\\/#\\\/schema\\\/person\\\/6051173b26d7961f0cb13a5e1f6f097e\",\"name\":\"Alma Mustajba\u0161i\u0107\",\"image\":{\"@type\":\"ImageObject\",\"inLanguage\":\"en-US\",\"@id\":\"https:\\\/\\\/secure.gravatar.com\\\/avatar\\\/644dd0d6f8e712df274ac929b7249ca5a5b0d3fe70b61adc5a9900eeba933e30?s=96&d=mm&r=g\",\"url\":\"https:\\\/\\\/secure.gravatar.com\\\/avatar\\\/644dd0d6f8e712df274ac929b7249ca5a5b0d3fe70b61adc5a9900eeba933e30?s=96&d=mm&r=g\",\"contentUrl\":\"https:\\\/\\\/secure.gravatar.com\\\/avatar\\\/644dd0d6f8e712df274ac929b7249ca5a5b0d3fe70b61adc5a9900eeba933e30?s=96&d=mm&r=g\",\"caption\":\"Alma Mustajba\u0161i\u0107\"},\"url\":\"https:\\\/\\\/www.gradjanske.org\\\/en\\\/author\\\/alma\\\/\"}]}<\/script>\n<!-- \/ Yoast SEO plugin. -->","yoast_head_json":{"title":"Three Freedoms Under the Magnifying Glass: March 21 \u2013 April 3, 2025 - Gra\u0111anske Inicijative","robots":{"index":"index","follow":"follow","max-snippet":"max-snippet:-1","max-image-preview":"max-image-preview:large","max-video-preview":"max-video-preview:-1"},"canonical":"https:\/\/www.gradjanske.org\/en\/three-freedoms-under-the-magnifying-glass-march-21-april-3-2025\/","og_locale":"en_US","og_type":"article","og_title":"Three Freedoms Under the Magnifying Glass: March 21 \u2013 April 3, 2025 - Gra\u0111anske Inicijative","og_description":"Belgrade, April 3, 2025 Violations of basic freedoms in Serbia March 21 \u2013 April 3, 2025 &nbsp; Professors and teachers who support the student blockades are under great pressure from the authorities and suffer numerous negative consequences for expressing their opinion publicly. Their February salaries...","og_url":"https:\/\/www.gradjanske.org\/en\/three-freedoms-under-the-magnifying-glass-march-21-april-3-2025\/","og_site_name":"Gra\u0111anske Inicijative","article_published_time":"2025-04-03T08:44:57+00:00","article_modified_time":"2025-04-03T08:45:06+00:00","og_image":[{"width":344,"height":177,"url":"https:\/\/www.gradjanske.org\/wp-content\/uploads\/2020\/06\/3slobode-feat-eng-344.png","type":"image\/png"}],"author":"Alma Mustajba\u0161i\u0107","twitter_card":"summary_large_image","twitter_misc":{"Written by":"Alma Mustajba\u0161i\u0107","Est. reading time":"2 minutes"},"schema":{"@context":"https:\/\/schema.org","@graph":[{"@type":"Article","@id":"https:\/\/www.gradjanske.org\/en\/three-freedoms-under-the-magnifying-glass-march-21-april-3-2025\/#article","isPartOf":{"@id":"https:\/\/www.gradjanske.org\/en\/three-freedoms-under-the-magnifying-glass-march-21-april-3-2025\/"},"author":{"name":"Alma Mustajba\u0161i\u0107","@id":"https:\/\/www.gradjanske.org\/en\/#\/schema\/person\/6051173b26d7961f0cb13a5e1f6f097e"},"headline":"Three Freedoms Under the Magnifying Glass: March 21 \u2013 April 3, 2025","datePublished":"2025-04-03T08:44:57+00:00","dateModified":"2025-04-03T08:45:06+00:00","mainEntityOfPage":{"@id":"https:\/\/www.gradjanske.org\/en\/three-freedoms-under-the-magnifying-glass-march-21-april-3-2025\/"},"wordCount":300,"publisher":{"@id":"https:\/\/www.gradjanske.org\/en\/#organization"},"image":{"@id":"https:\/\/www.gradjanske.org\/en\/three-freedoms-under-the-magnifying-glass-march-21-april-3-2025\/#primaryimage"},"thumbnailUrl":"https:\/\/www.gradjanske.org\/wp-content\/uploads\/2020\/06\/3slobode-feat-eng-344.png","articleSection":["News","Three Freedoms Under the Magnifying Glass"],"inLanguage":"en-US"},{"@type":"WebPage","@id":"https:\/\/www.gradjanske.org\/en\/three-freedoms-under-the-magnifying-glass-march-21-april-3-2025\/","url":"https:\/\/www.gradjanske.org\/en\/three-freedoms-under-the-magnifying-glass-march-21-april-3-2025\/","name":"Three Freedoms Under the Magnifying Glass: March 21 \u2013 April 3, 2025 - Gra\u0111anske Inicijative","isPartOf":{"@id":"https:\/\/www.gradjanske.org\/en\/#website"},"primaryImageOfPage":{"@id":"https:\/\/www.gradjanske.org\/en\/three-freedoms-under-the-magnifying-glass-march-21-april-3-2025\/#primaryimage"},"image":{"@id":"https:\/\/www.gradjanske.org\/en\/three-freedoms-under-the-magnifying-glass-march-21-april-3-2025\/#primaryimage"},"thumbnailUrl":"https:\/\/www.gradjanske.org\/wp-content\/uploads\/2020\/06\/3slobode-feat-eng-344.png","datePublished":"2025-04-03T08:44:57+00:00","dateModified":"2025-04-03T08:45:06+00:00","breadcrumb":{"@id":"https:\/\/www.gradjanske.org\/en\/three-freedoms-under-the-magnifying-glass-march-21-april-3-2025\/#breadcrumb"},"inLanguage":"en-US","potentialAction":[{"@type":"ReadAction","target":["https:\/\/www.gradjanske.org\/en\/three-freedoms-under-the-magnifying-glass-march-21-april-3-2025\/"]}]},{"@type":"ImageObject","inLanguage":"en-US","@id":"https:\/\/www.gradjanske.org\/en\/three-freedoms-under-the-magnifying-glass-march-21-april-3-2025\/#primaryimage","url":"https:\/\/www.gradjanske.org\/wp-content\/uploads\/2020\/06\/3slobode-feat-eng-344.png","contentUrl":"https:\/\/www.gradjanske.org\/wp-content\/uploads\/2020\/06\/3slobode-feat-eng-344.png","width":344,"height":177},{"@type":"BreadcrumbList","@id":"https:\/\/www.gradjanske.org\/en\/three-freedoms-under-the-magnifying-glass-march-21-april-3-2025\/#breadcrumb","itemListElement":[{"@type":"ListItem","position":1,"name":"Home","item":"https:\/\/www.gradjanske.org\/en\/home-2\/"},{"@type":"ListItem","position":2,"name":"Three Freedoms Under the Magnifying Glass: March 21 \u2013 April 3, 2025"}]},{"@type":"WebSite","@id":"https:\/\/www.gradjanske.org\/en\/#website","url":"https:\/\/www.gradjanske.org\/en\/","name":"Gra\u0111anske Inicijative","description":"Civic Initiatives","publisher":{"@id":"https:\/\/www.gradjanske.org\/en\/#organization"},"potentialAction":[{"@type":"SearchAction","target":{"@type":"EntryPoint","urlTemplate":"https:\/\/www.gradjanske.org\/en\/?s={search_term_string}"},"query-input":{"@type":"PropertyValueSpecification","valueRequired":true,"valueName":"search_term_string"}}],"inLanguage":"en-US"},{"@type":"Organization","@id":"https:\/\/www.gradjanske.org\/en\/#organization","name":"Gra\u0111anske Inicijative","url":"https:\/\/www.gradjanske.org\/en\/","logo":{"@type":"ImageObject","inLanguage":"en-US","@id":"https:\/\/www.gradjanske.org\/en\/#\/schema\/logo\/image\/","url":"https:\/\/www.gradjanske.org\/wp-content\/uploads\/2018\/05\/GI-logo.png","contentUrl":"https:\/\/www.gradjanske.org\/wp-content\/uploads\/2018\/05\/GI-logo.png","width":1400,"height":800,"caption":"Gra\u0111anske Inicijative"},"image":{"@id":"https:\/\/www.gradjanske.org\/en\/#\/schema\/logo\/image\/"}},{"@type":"Person","@id":"https:\/\/www.gradjanske.org\/en\/#\/schema\/person\/6051173b26d7961f0cb13a5e1f6f097e","name":"Alma Mustajba\u0161i\u0107","image":{"@type":"ImageObject","inLanguage":"en-US","@id":"https:\/\/secure.gravatar.com\/avatar\/644dd0d6f8e712df274ac929b7249ca5a5b0d3fe70b61adc5a9900eeba933e30?s=96&d=mm&r=g","url":"https:\/\/secure.gravatar.com\/avatar\/644dd0d6f8e712df274ac929b7249ca5a5b0d3fe70b61adc5a9900eeba933e30?s=96&d=mm&r=g","contentUrl":"https:\/\/secure.gravatar.com\/avatar\/644dd0d6f8e712df274ac929b7249ca5a5b0d3fe70b61adc5a9900eeba933e30?s=96&d=mm&r=g","caption":"Alma Mustajba\u0161i\u0107"},"url":"https:\/\/www.gradjanske.org\/en\/author\/alma\/"}]}},"_links":{"self":[{"href":"https:\/\/www.gradjanske.org\/en\/wp-json\/wp\/v2\/posts\/18910","targetHints":{"allow":["GET"]}}],"collection":[{"href":"https:\/\/www.gradjanske.org\/en\/wp-json\/wp\/v2\/posts"}],"about":[{"href":"https:\/\/www.gradjanske.org\/en\/wp-json\/wp\/v2\/types\/post"}],"author":[{"embeddable":true,"href":"https:\/\/www.gradjanske.org\/en\/wp-json\/wp\/v2\/users\/27"}],"replies":[{"embeddable":true,"href":"https:\/\/www.gradjanske.org\/en\/wp-json\/wp\/v2\/comments?post=18910"}],"version-history":[{"count":1,"href":"https:\/\/www.gradjanske.org\/en\/wp-json\/wp\/v2\/posts\/18910\/revisions"}],"predecessor-version":[{"id":18912,"href":"https:\/\/www.gradjanske.org\/en\/wp-json\/wp\/v2\/posts\/18910\/revisions\/18912"}],"wp:featuredmedia":[{"embeddable":true,"href":"https:\/\/www.gradjanske.org\/en\/wp-json\/wp\/v2\/media\/10476"}],"wp:attachment":[{"href":"https:\/\/www.gradjanske.org\/en\/wp-json\/wp\/v2\/media?parent=18910"}],"wp:term":[{"taxonomy":"category","embeddable":true,"href":"https:\/\/www.gradjanske.org\/en\/wp-json\/wp\/v2\/categories?post=18910"},{"taxonomy":"post_tag","embeddable":true,"href":"https:\/\/www.gradjanske.org\/en\/wp-json\/wp\/v2\/tags?post=18910"}],"curies":[{"name":"wp","href":"https:\/\/api.w.org\/{rel}","templated":true}]}}