{"id":19105,"date":"2025-05-15T15:31:41","date_gmt":"2025-05-15T13:31:41","guid":{"rendered":"https:\/\/www.gradjanske.org\/?p=19105"},"modified":"2025-05-15T15:31:41","modified_gmt":"2025-05-15T13:31:41","slug":"three-freedoms-under-the-magnifying-glass-may-1-may-15-2025","status":"publish","type":"post","link":"https:\/\/www.gradjanske.org\/en\/three-freedoms-under-the-magnifying-glass-may-1-may-15-2025\/","title":{"rendered":"Three Freedoms Under the Magnifying Glass: May 1 \u2013 May 15, 2025"},"content":{"rendered":"<p>Belgrade, May 15, 2025<\/p>\n<h3 style=\"text-align: center;\">Violations of basic freedoms in Serbia<\/h3>\n<h3 style=\"text-align: center;\">May 1 \u2013 May 15, 2025<\/h3>\n<p>&nbsp;<\/p>\n<p>The Higher Public Prosecutor\u2019s Office in Novi Sad has filed an indictment against seven activists from the informal student group Stav and five members of the Movement of Free Citizens. The prosecution has requested that the Higher Court in Novi Sad find the accused guilty of the alleged crime of preparing acts against the constitutional order and security of Serbia, committed in complicity with the crime of attacking the constitutional order and inciting violent change of the constitutional order. The prosecution has demanded that the court impose the maximum sentence prescribed by law for these charges. The activists are facing up to five years in prison. Six activists are still in custody, while the other six are out of the country. One of the arrested, professor Marija Vasi\u0107, went on a hunger and thirst strike and today she was transported to a hospital in Belgrade due to health complications.<\/p>\n<p>Citizens and students recognized the danger of this case of gross political abuse of the law in order to deal with political dissidents of the ruling regime and called for protests in several cities. There was a scuffle with the police in front of the court building and the prosecutor&#8217;s office in Novi Sad and in front of the Basic Court in Ni\u0161.<\/p>\n<p>The process being conducted against the activists, based on an illegally wiretapped conversation, and a possible verdict for a crime that was not committed would be putting the final stop to freedom of expression in a country where the law is not equal for all, and institutions primarily protect ruling party interests.<\/p>\n<p>You can find more details about these cases in the full report below.<\/p>\n<a  itemprop=\"url\" href=\"https:\/\/www.gradjanske.org\/wp-content\/uploads\/2025\/05\/9.-Three-Freedoms-Under-the-Magnifying-Glass-May-1-May-15-1.pdf\" target=\"_self\"  class=\"qbutton  default\" style=\"\">CASES OF VIOLATIONS OF BASIC HUMAN RIGHTS IN SERBIA MAY 1 - MAY 15, 2025<i class=\"qode_icon_font_awesome fa fa-download qode_button_icon_element\"><\/i><\/a>\n","protected":false},"excerpt":{"rendered":"<p>Belgrade, May 15, 2025 Violations of basic freedoms in Serbia May 1 \u2013 May 15, 2025 &nbsp; The Higher Public Prosecutor\u2019s Office in Novi Sad has filed an indictment against seven activists from the informal student group Stav and five members of the Movement of&#8230;<\/p>\n","protected":false},"author":27,"featured_media":10476,"comment_status":"closed","ping_status":"closed","sticky":false,"template":"","format":"standard","meta":{"_monsterinsights_skip_tracking":false,"_monsterinsights_sitenote_active":false,"_monsterinsights_sitenote_note":"","_monsterinsights_sitenote_category":0,"footnotes":""},"categories":[10,561],"tags":[],"class_list":["post-19105","post","type-post","status-publish","format-standard","has-post-thumbnail","hentry","category-news","category-three-freedoms-under-the-magnifying-glass"],"yoast_head":"<!-- This site is optimized with the Yoast SEO plugin v28.0 - https:\/\/yoast.com\/product\/yoast-seo-wordpress\/ -->\n<title>Three Freedoms Under the Magnifying Glass: May 1 \u2013 May 15, 2025 - Gra\u0111anske Inicijative<\/title>\n<meta name=\"robots\" content=\"index, follow, max-snippet:-1, max-image-preview:large, max-video-preview:-1\" \/>\n<link rel=\"canonical\" href=\"https:\/\/www.gradjanske.org\/en\/three-freedoms-under-the-magnifying-glass-may-1-may-15-2025\/\" \/>\n<meta property=\"og:locale\" content=\"en_US\" \/>\n<meta property=\"og:type\" content=\"article\" \/>\n<meta property=\"og:title\" content=\"Three Freedoms Under the Magnifying Glass: May 1 \u2013 May 15, 2025 - Gra\u0111anske Inicijative\" \/>\n<meta property=\"og:description\" content=\"Belgrade, May 15, 2025 Violations of basic freedoms in Serbia May 1 \u2013 May 15, 2025 &nbsp; The Higher Public Prosecutor\u2019s Office in Novi Sad has filed an indictment against seven activists from the informal student group Stav and five members of the Movement of...\" \/>\n<meta property=\"og:url\" content=\"https:\/\/www.gradjanske.org\/en\/three-freedoms-under-the-magnifying-glass-may-1-may-15-2025\/\" \/>\n<meta property=\"og:site_name\" content=\"Gra\u0111anske Inicijative\" \/>\n<meta property=\"article:published_time\" content=\"2025-05-15T13:31:41+00:00\" \/>\n<meta property=\"og:image\" content=\"https:\/\/www.gradjanske.org\/wp-content\/uploads\/2020\/06\/3slobode-feat-eng-344.png\" \/>\n\t<meta property=\"og:image:width\" content=\"344\" \/>\n\t<meta property=\"og:image:height\" content=\"177\" \/>\n\t<meta property=\"og:image:type\" content=\"image\/png\" \/>\n<meta name=\"author\" content=\"Alma Mustajba\u0161i\u0107\" \/>\n<meta name=\"twitter:card\" content=\"summary_large_image\" \/>\n<meta name=\"twitter:label1\" content=\"Written by\" \/>\n\t<meta name=\"twitter:data1\" content=\"Alma Mustajba\u0161i\u0107\" \/>\n\t<meta name=\"twitter:label2\" content=\"Est. reading time\" \/>\n\t<meta name=\"twitter:data2\" content=\"2 minutes\" \/>\n<script type=\"application\/ld+json\" class=\"yoast-schema-graph\">{\"@context\":\"https:\\\/\\\/schema.org\",\"@graph\":[{\"@type\":\"Article\",\"@id\":\"https:\\\/\\\/www.gradjanske.org\\\/en\\\/three-freedoms-under-the-magnifying-glass-may-1-may-15-2025\\\/#article\",\"isPartOf\":{\"@id\":\"https:\\\/\\\/www.gradjanske.org\\\/en\\\/three-freedoms-under-the-magnifying-glass-may-1-may-15-2025\\\/\"},\"author\":{\"name\":\"Alma Mustajba\u0161i\u0107\",\"@id\":\"https:\\\/\\\/www.gradjanske.org\\\/en\\\/#\\\/schema\\\/person\\\/6051173b26d7961f0cb13a5e1f6f097e\"},\"headline\":\"Three Freedoms Under the Magnifying Glass: May 1 \u2013 May 15, 2025\",\"datePublished\":\"2025-05-15T13:31:41+00:00\",\"mainEntityOfPage\":{\"@id\":\"https:\\\/\\\/www.gradjanske.org\\\/en\\\/three-freedoms-under-the-magnifying-glass-may-1-may-15-2025\\\/\"},\"wordCount\":351,\"publisher\":{\"@id\":\"https:\\\/\\\/www.gradjanske.org\\\/en\\\/#organization\"},\"image\":{\"@id\":\"https:\\\/\\\/www.gradjanske.org\\\/en\\\/three-freedoms-under-the-magnifying-glass-may-1-may-15-2025\\\/#primaryimage\"},\"thumbnailUrl\":\"https:\\\/\\\/www.gradjanske.org\\\/wp-content\\\/uploads\\\/2020\\\/06\\\/3slobode-feat-eng-344.png\",\"articleSection\":[\"News\",\"Three Freedoms Under the Magnifying Glass\"],\"inLanguage\":\"en-US\"},{\"@type\":\"WebPage\",\"@id\":\"https:\\\/\\\/www.gradjanske.org\\\/en\\\/three-freedoms-under-the-magnifying-glass-may-1-may-15-2025\\\/\",\"url\":\"https:\\\/\\\/www.gradjanske.org\\\/en\\\/three-freedoms-under-the-magnifying-glass-may-1-may-15-2025\\\/\",\"name\":\"Three Freedoms Under the Magnifying Glass: May 1 \u2013 May 15, 2025 - Gra\u0111anske Inicijative\",\"isPartOf\":{\"@id\":\"https:\\\/\\\/www.gradjanske.org\\\/en\\\/#website\"},\"primaryImageOfPage\":{\"@id\":\"https:\\\/\\\/www.gradjanske.org\\\/en\\\/three-freedoms-under-the-magnifying-glass-may-1-may-15-2025\\\/#primaryimage\"},\"image\":{\"@id\":\"https:\\\/\\\/www.gradjanske.org\\\/en\\\/three-freedoms-under-the-magnifying-glass-may-1-may-15-2025\\\/#primaryimage\"},\"thumbnailUrl\":\"https:\\\/\\\/www.gradjanske.org\\\/wp-content\\\/uploads\\\/2020\\\/06\\\/3slobode-feat-eng-344.png\",\"datePublished\":\"2025-05-15T13:31:41+00:00\",\"breadcrumb\":{\"@id\":\"https:\\\/\\\/www.gradjanske.org\\\/en\\\/three-freedoms-under-the-magnifying-glass-may-1-may-15-2025\\\/#breadcrumb\"},\"inLanguage\":\"en-US\",\"potentialAction\":[{\"@type\":\"ReadAction\",\"target\":[\"https:\\\/\\\/www.gradjanske.org\\\/en\\\/three-freedoms-under-the-magnifying-glass-may-1-may-15-2025\\\/\"]}]},{\"@type\":\"ImageObject\",\"inLanguage\":\"en-US\",\"@id\":\"https:\\\/\\\/www.gradjanske.org\\\/en\\\/three-freedoms-under-the-magnifying-glass-may-1-may-15-2025\\\/#primaryimage\",\"url\":\"https:\\\/\\\/www.gradjanske.org\\\/wp-content\\\/uploads\\\/2020\\\/06\\\/3slobode-feat-eng-344.png\",\"contentUrl\":\"https:\\\/\\\/www.gradjanske.org\\\/wp-content\\\/uploads\\\/2020\\\/06\\\/3slobode-feat-eng-344.png\",\"width\":344,\"height\":177},{\"@type\":\"BreadcrumbList\",\"@id\":\"https:\\\/\\\/www.gradjanske.org\\\/en\\\/three-freedoms-under-the-magnifying-glass-may-1-may-15-2025\\\/#breadcrumb\",\"itemListElement\":[{\"@type\":\"ListItem\",\"position\":1,\"name\":\"Home\",\"item\":\"https:\\\/\\\/www.gradjanske.org\\\/en\\\/home-2\\\/\"},{\"@type\":\"ListItem\",\"position\":2,\"name\":\"Three Freedoms Under the Magnifying Glass: May 1 \u2013 May 15, 2025\"}]},{\"@type\":\"WebSite\",\"@id\":\"https:\\\/\\\/www.gradjanske.org\\\/en\\\/#website\",\"url\":\"https:\\\/\\\/www.gradjanske.org\\\/en\\\/\",\"name\":\"Gra\u0111anske Inicijative\",\"description\":\"Civic Initiatives\",\"publisher\":{\"@id\":\"https:\\\/\\\/www.gradjanske.org\\\/en\\\/#organization\"},\"potentialAction\":[{\"@type\":\"SearchAction\",\"target\":{\"@type\":\"EntryPoint\",\"urlTemplate\":\"https:\\\/\\\/www.gradjanske.org\\\/en\\\/?s={search_term_string}\"},\"query-input\":{\"@type\":\"PropertyValueSpecification\",\"valueRequired\":true,\"valueName\":\"search_term_string\"}}],\"inLanguage\":\"en-US\"},{\"@type\":\"Organization\",\"@id\":\"https:\\\/\\\/www.gradjanske.org\\\/en\\\/#organization\",\"name\":\"Gra\u0111anske Inicijative\",\"url\":\"https:\\\/\\\/www.gradjanske.org\\\/en\\\/\",\"logo\":{\"@type\":\"ImageObject\",\"inLanguage\":\"en-US\",\"@id\":\"https:\\\/\\\/www.gradjanske.org\\\/en\\\/#\\\/schema\\\/logo\\\/image\\\/\",\"url\":\"https:\\\/\\\/www.gradjanske.org\\\/wp-content\\\/uploads\\\/2018\\\/05\\\/GI-logo.png\",\"contentUrl\":\"https:\\\/\\\/www.gradjanske.org\\\/wp-content\\\/uploads\\\/2018\\\/05\\\/GI-logo.png\",\"width\":1400,\"height\":800,\"caption\":\"Gra\u0111anske Inicijative\"},\"image\":{\"@id\":\"https:\\\/\\\/www.gradjanske.org\\\/en\\\/#\\\/schema\\\/logo\\\/image\\\/\"}},{\"@type\":\"Person\",\"@id\":\"https:\\\/\\\/www.gradjanske.org\\\/en\\\/#\\\/schema\\\/person\\\/6051173b26d7961f0cb13a5e1f6f097e\",\"name\":\"Alma Mustajba\u0161i\u0107\",\"image\":{\"@type\":\"ImageObject\",\"inLanguage\":\"en-US\",\"@id\":\"https:\\\/\\\/secure.gravatar.com\\\/avatar\\\/644dd0d6f8e712df274ac929b7249ca5a5b0d3fe70b61adc5a9900eeba933e30?s=96&d=mm&r=g\",\"url\":\"https:\\\/\\\/secure.gravatar.com\\\/avatar\\\/644dd0d6f8e712df274ac929b7249ca5a5b0d3fe70b61adc5a9900eeba933e30?s=96&d=mm&r=g\",\"contentUrl\":\"https:\\\/\\\/secure.gravatar.com\\\/avatar\\\/644dd0d6f8e712df274ac929b7249ca5a5b0d3fe70b61adc5a9900eeba933e30?s=96&d=mm&r=g\",\"caption\":\"Alma Mustajba\u0161i\u0107\"},\"url\":\"https:\\\/\\\/www.gradjanske.org\\\/en\\\/author\\\/alma\\\/\"}]}<\/script>\n<!-- \/ Yoast SEO plugin. -->","yoast_head_json":{"title":"Three Freedoms Under the Magnifying Glass: May 1 \u2013 May 15, 2025 - Gra\u0111anske Inicijative","robots":{"index":"index","follow":"follow","max-snippet":"max-snippet:-1","max-image-preview":"max-image-preview:large","max-video-preview":"max-video-preview:-1"},"canonical":"https:\/\/www.gradjanske.org\/en\/three-freedoms-under-the-magnifying-glass-may-1-may-15-2025\/","og_locale":"en_US","og_type":"article","og_title":"Three Freedoms Under the Magnifying Glass: May 1 \u2013 May 15, 2025 - Gra\u0111anske Inicijative","og_description":"Belgrade, May 15, 2025 Violations of basic freedoms in Serbia May 1 \u2013 May 15, 2025 &nbsp; The Higher Public Prosecutor\u2019s Office in Novi Sad has filed an indictment against seven activists from the informal student group Stav and five members of the Movement of...","og_url":"https:\/\/www.gradjanske.org\/en\/three-freedoms-under-the-magnifying-glass-may-1-may-15-2025\/","og_site_name":"Gra\u0111anske Inicijative","article_published_time":"2025-05-15T13:31:41+00:00","og_image":[{"width":344,"height":177,"url":"https:\/\/www.gradjanske.org\/wp-content\/uploads\/2020\/06\/3slobode-feat-eng-344.png","type":"image\/png"}],"author":"Alma Mustajba\u0161i\u0107","twitter_card":"summary_large_image","twitter_misc":{"Written by":"Alma Mustajba\u0161i\u0107","Est. reading time":"2 minutes"},"schema":{"@context":"https:\/\/schema.org","@graph":[{"@type":"Article","@id":"https:\/\/www.gradjanske.org\/en\/three-freedoms-under-the-magnifying-glass-may-1-may-15-2025\/#article","isPartOf":{"@id":"https:\/\/www.gradjanske.org\/en\/three-freedoms-under-the-magnifying-glass-may-1-may-15-2025\/"},"author":{"name":"Alma Mustajba\u0161i\u0107","@id":"https:\/\/www.gradjanske.org\/en\/#\/schema\/person\/6051173b26d7961f0cb13a5e1f6f097e"},"headline":"Three Freedoms Under the Magnifying Glass: May 1 \u2013 May 15, 2025","datePublished":"2025-05-15T13:31:41+00:00","mainEntityOfPage":{"@id":"https:\/\/www.gradjanske.org\/en\/three-freedoms-under-the-magnifying-glass-may-1-may-15-2025\/"},"wordCount":351,"publisher":{"@id":"https:\/\/www.gradjanske.org\/en\/#organization"},"image":{"@id":"https:\/\/www.gradjanske.org\/en\/three-freedoms-under-the-magnifying-glass-may-1-may-15-2025\/#primaryimage"},"thumbnailUrl":"https:\/\/www.gradjanske.org\/wp-content\/uploads\/2020\/06\/3slobode-feat-eng-344.png","articleSection":["News","Three Freedoms Under the Magnifying Glass"],"inLanguage":"en-US"},{"@type":"WebPage","@id":"https:\/\/www.gradjanske.org\/en\/three-freedoms-under-the-magnifying-glass-may-1-may-15-2025\/","url":"https:\/\/www.gradjanske.org\/en\/three-freedoms-under-the-magnifying-glass-may-1-may-15-2025\/","name":"Three Freedoms Under the Magnifying Glass: May 1 \u2013 May 15, 2025 - Gra\u0111anske Inicijative","isPartOf":{"@id":"https:\/\/www.gradjanske.org\/en\/#website"},"primaryImageOfPage":{"@id":"https:\/\/www.gradjanske.org\/en\/three-freedoms-under-the-magnifying-glass-may-1-may-15-2025\/#primaryimage"},"image":{"@id":"https:\/\/www.gradjanske.org\/en\/three-freedoms-under-the-magnifying-glass-may-1-may-15-2025\/#primaryimage"},"thumbnailUrl":"https:\/\/www.gradjanske.org\/wp-content\/uploads\/2020\/06\/3slobode-feat-eng-344.png","datePublished":"2025-05-15T13:31:41+00:00","breadcrumb":{"@id":"https:\/\/www.gradjanske.org\/en\/three-freedoms-under-the-magnifying-glass-may-1-may-15-2025\/#breadcrumb"},"inLanguage":"en-US","potentialAction":[{"@type":"ReadAction","target":["https:\/\/www.gradjanske.org\/en\/three-freedoms-under-the-magnifying-glass-may-1-may-15-2025\/"]}]},{"@type":"ImageObject","inLanguage":"en-US","@id":"https:\/\/www.gradjanske.org\/en\/three-freedoms-under-the-magnifying-glass-may-1-may-15-2025\/#primaryimage","url":"https:\/\/www.gradjanske.org\/wp-content\/uploads\/2020\/06\/3slobode-feat-eng-344.png","contentUrl":"https:\/\/www.gradjanske.org\/wp-content\/uploads\/2020\/06\/3slobode-feat-eng-344.png","width":344,"height":177},{"@type":"BreadcrumbList","@id":"https:\/\/www.gradjanske.org\/en\/three-freedoms-under-the-magnifying-glass-may-1-may-15-2025\/#breadcrumb","itemListElement":[{"@type":"ListItem","position":1,"name":"Home","item":"https:\/\/www.gradjanske.org\/en\/home-2\/"},{"@type":"ListItem","position":2,"name":"Three Freedoms Under the Magnifying Glass: May 1 \u2013 May 15, 2025"}]},{"@type":"WebSite","@id":"https:\/\/www.gradjanske.org\/en\/#website","url":"https:\/\/www.gradjanske.org\/en\/","name":"Gra\u0111anske Inicijative","description":"Civic Initiatives","publisher":{"@id":"https:\/\/www.gradjanske.org\/en\/#organization"},"potentialAction":[{"@type":"SearchAction","target":{"@type":"EntryPoint","urlTemplate":"https:\/\/www.gradjanske.org\/en\/?s={search_term_string}"},"query-input":{"@type":"PropertyValueSpecification","valueRequired":true,"valueName":"search_term_string"}}],"inLanguage":"en-US"},{"@type":"Organization","@id":"https:\/\/www.gradjanske.org\/en\/#organization","name":"Gra\u0111anske Inicijative","url":"https:\/\/www.gradjanske.org\/en\/","logo":{"@type":"ImageObject","inLanguage":"en-US","@id":"https:\/\/www.gradjanske.org\/en\/#\/schema\/logo\/image\/","url":"https:\/\/www.gradjanske.org\/wp-content\/uploads\/2018\/05\/GI-logo.png","contentUrl":"https:\/\/www.gradjanske.org\/wp-content\/uploads\/2018\/05\/GI-logo.png","width":1400,"height":800,"caption":"Gra\u0111anske Inicijative"},"image":{"@id":"https:\/\/www.gradjanske.org\/en\/#\/schema\/logo\/image\/"}},{"@type":"Person","@id":"https:\/\/www.gradjanske.org\/en\/#\/schema\/person\/6051173b26d7961f0cb13a5e1f6f097e","name":"Alma Mustajba\u0161i\u0107","image":{"@type":"ImageObject","inLanguage":"en-US","@id":"https:\/\/secure.gravatar.com\/avatar\/644dd0d6f8e712df274ac929b7249ca5a5b0d3fe70b61adc5a9900eeba933e30?s=96&d=mm&r=g","url":"https:\/\/secure.gravatar.com\/avatar\/644dd0d6f8e712df274ac929b7249ca5a5b0d3fe70b61adc5a9900eeba933e30?s=96&d=mm&r=g","contentUrl":"https:\/\/secure.gravatar.com\/avatar\/644dd0d6f8e712df274ac929b7249ca5a5b0d3fe70b61adc5a9900eeba933e30?s=96&d=mm&r=g","caption":"Alma Mustajba\u0161i\u0107"},"url":"https:\/\/www.gradjanske.org\/en\/author\/alma\/"}]}},"_links":{"self":[{"href":"https:\/\/www.gradjanske.org\/en\/wp-json\/wp\/v2\/posts\/19105","targetHints":{"allow":["GET"]}}],"collection":[{"href":"https:\/\/www.gradjanske.org\/en\/wp-json\/wp\/v2\/posts"}],"about":[{"href":"https:\/\/www.gradjanske.org\/en\/wp-json\/wp\/v2\/types\/post"}],"author":[{"embeddable":true,"href":"https:\/\/www.gradjanske.org\/en\/wp-json\/wp\/v2\/users\/27"}],"replies":[{"embeddable":true,"href":"https:\/\/www.gradjanske.org\/en\/wp-json\/wp\/v2\/comments?post=19105"}],"version-history":[{"count":1,"href":"https:\/\/www.gradjanske.org\/en\/wp-json\/wp\/v2\/posts\/19105\/revisions"}],"predecessor-version":[{"id":19107,"href":"https:\/\/www.gradjanske.org\/en\/wp-json\/wp\/v2\/posts\/19105\/revisions\/19107"}],"wp:featuredmedia":[{"embeddable":true,"href":"https:\/\/www.gradjanske.org\/en\/wp-json\/wp\/v2\/media\/10476"}],"wp:attachment":[{"href":"https:\/\/www.gradjanske.org\/en\/wp-json\/wp\/v2\/media?parent=19105"}],"wp:term":[{"taxonomy":"category","embeddable":true,"href":"https:\/\/www.gradjanske.org\/en\/wp-json\/wp\/v2\/categories?post=19105"},{"taxonomy":"post_tag","embeddable":true,"href":"https:\/\/www.gradjanske.org\/en\/wp-json\/wp\/v2\/tags?post=19105"}],"curies":[{"name":"wp","href":"https:\/\/api.w.org\/{rel}","templated":true}]}}