{"id":23079,"date":"2025-08-07T13:03:09","date_gmt":"2025-08-07T11:03:09","guid":{"rendered":"https:\/\/www.gradjanske.org\/?p=23079"},"modified":"2025-08-07T13:03:09","modified_gmt":"2025-08-07T11:03:09","slug":"three-freedoms-under-the-magnifying-glass-july-25-august-7-2025","status":"publish","type":"post","link":"https:\/\/www.gradjanske.org\/en\/three-freedoms-under-the-magnifying-glass-july-25-august-7-2025\/","title":{"rendered":"Three Freedoms Under the Magnifying Glass: July 25 \u2013 August 7, 2025"},"content":{"rendered":"<p>Belgrade, August 7, 2025<\/p>\n<h3 style=\"text-align: center;\">Violations of basic freedoms in Serbia<\/h3>\n<h3 style=\"text-align: center;\">July 25 \u2013 August 7, 2025<\/h3>\n<p>&nbsp;<\/p>\n<p>A serious incident occurred in Novi Pazar when a group of violent, masked men broke into the State University of Novi Pazar in the early morning hours and began beating and throwing students out. The police who arrived in front of the faculty did not protect the attacked students, and after the reaction of citizens began to arrest those gathered.<\/p>\n<p>The police passively watched an attack by SNS supporters on the citizens of Kraljevo and New Belgrade. Police did not protect a journalist from an attack by an SNS supporter in New Belgrade, and during the operation to prevent a highway blockade, a member of the gendarmerie personally attacked a media crew.<\/p>\n<p>In recent years, we have witnessed an intensification of the practice of arresting and detaining citizens and activists who peacefully protest or use social networks to call for protests and express their dissatisfaction with the current government. Over 400 arrests and detentions have been recorded since the beginning of student and civic protests. For this reason, in the upcoming period our report Three Freedoms Under the Magnifying Glass will include a special section in which we will report on the number of those arrested and\/or detained at various protests across Serbia. The number of those arrested at student, ecological, and other protests will be shown, as well as the number of those who were arrested or detained for posts on social networks criticizing the current government. Our goal is the systematic collection of data on the extent of this form of repression, as well as documenting and informing the public about the violation of freedom of expression and assembly carried out in this way.<\/p>\n<p>You can find more details about these cases in the full report below.<\/p>\n<a  itemprop=\"url\" href=\"https:\/\/www.gradjanske.org\/wp-content\/uploads\/2025\/08\/15.-Three-Freedoms-Under-the-Magnifying-Glass-July-25-August-7.pdf\" target=\"_self\"  class=\"qbutton  default\" style=\"\">CASES OF VIOLATIONS OF BASIC HUMAN RIGHTS IN SERBIA JULY 25 - AUGUST 7, 2025<i class=\"qode_icon_font_awesome fa fa-download qode_button_icon_element\"><\/i><\/a>\n<p>&nbsp;<\/p>\n","protected":false},"excerpt":{"rendered":"<p>Belgrade, August 7, 2025 Violations of basic freedoms in Serbia July 25 \u2013 August 7, 2025 &nbsp; A serious incident occurred in Novi Pazar when a group of violent, masked men broke into the State University of Novi Pazar in the early morning hours and&#8230;<\/p>\n","protected":false},"author":27,"featured_media":22409,"comment_status":"closed","ping_status":"closed","sticky":false,"template":"","format":"standard","meta":{"_monsterinsights_skip_tracking":false,"_monsterinsights_sitenote_active":false,"_monsterinsights_sitenote_note":"","_monsterinsights_sitenote_category":0,"footnotes":""},"categories":[10,561],"tags":[],"class_list":["post-23079","post","type-post","status-publish","format-standard","has-post-thumbnail","hentry","category-news","category-three-freedoms-under-the-magnifying-glass"],"yoast_head":"<!-- This site is optimized with the Yoast SEO plugin v28.0 - https:\/\/yoast.com\/product\/yoast-seo-wordpress\/ -->\n<title>Three Freedoms Under the Magnifying Glass: July 25 \u2013 August 7, 2025 - Gra\u0111anske Inicijative<\/title>\n<meta name=\"robots\" content=\"index, follow, max-snippet:-1, max-image-preview:large, max-video-preview:-1\" \/>\n<link rel=\"canonical\" href=\"https:\/\/www.gradjanske.org\/en\/three-freedoms-under-the-magnifying-glass-july-25-august-7-2025\/\" \/>\n<meta property=\"og:locale\" content=\"en_US\" \/>\n<meta property=\"og:type\" content=\"article\" \/>\n<meta property=\"og:title\" content=\"Three Freedoms Under the Magnifying Glass: July 25 \u2013 August 7, 2025 - Gra\u0111anske Inicijative\" \/>\n<meta property=\"og:description\" content=\"Belgrade, August 7, 2025 Violations of basic freedoms in Serbia July 25 \u2013 August 7, 2025 &nbsp; A serious incident occurred in Novi Pazar when a group of violent, masked men broke into the State University of Novi Pazar in the early morning hours and...\" \/>\n<meta property=\"og:url\" content=\"https:\/\/www.gradjanske.org\/en\/three-freedoms-under-the-magnifying-glass-july-25-august-7-2025\/\" \/>\n<meta property=\"og:site_name\" content=\"Gra\u0111anske Inicijative\" \/>\n<meta property=\"article:published_time\" content=\"2025-08-07T11:03:09+00:00\" \/>\n<meta property=\"og:image\" content=\"https:\/\/www.gradjanske.org\/wp-content\/uploads\/2020\/06\/3slobode-feat-eng-344.png\" \/>\n\t<meta property=\"og:image:width\" content=\"344\" \/>\n\t<meta property=\"og:image:height\" content=\"177\" \/>\n\t<meta property=\"og:image:type\" content=\"image\/png\" \/>\n<meta name=\"author\" content=\"Alma Mustajba\u0161i\u0107\" \/>\n<meta name=\"twitter:card\" content=\"summary_large_image\" \/>\n<meta name=\"twitter:label1\" content=\"Written by\" \/>\n\t<meta name=\"twitter:data1\" content=\"Alma Mustajba\u0161i\u0107\" \/>\n\t<meta name=\"twitter:label2\" content=\"Est. reading time\" \/>\n\t<meta name=\"twitter:data2\" content=\"3 minutes\" \/>\n<script type=\"application\/ld+json\" class=\"yoast-schema-graph\">{\"@context\":\"https:\\\/\\\/schema.org\",\"@graph\":[{\"@type\":\"Article\",\"@id\":\"https:\\\/\\\/www.gradjanske.org\\\/en\\\/three-freedoms-under-the-magnifying-glass-july-25-august-7-2025\\\/#article\",\"isPartOf\":{\"@id\":\"https:\\\/\\\/www.gradjanske.org\\\/en\\\/three-freedoms-under-the-magnifying-glass-july-25-august-7-2025\\\/\"},\"author\":{\"name\":\"Alma Mustajba\u0161i\u0107\",\"@id\":\"https:\\\/\\\/www.gradjanske.org\\\/en\\\/#\\\/schema\\\/person\\\/6051173b26d7961f0cb13a5e1f6f097e\"},\"headline\":\"Three Freedoms Under the Magnifying Glass: July 25 \u2013 August 7, 2025\",\"datePublished\":\"2025-08-07T11:03:09+00:00\",\"mainEntityOfPage\":{\"@id\":\"https:\\\/\\\/www.gradjanske.org\\\/en\\\/three-freedoms-under-the-magnifying-glass-july-25-august-7-2025\\\/\"},\"wordCount\":361,\"publisher\":{\"@id\":\"https:\\\/\\\/www.gradjanske.org\\\/en\\\/#organization\"},\"image\":{\"@id\":\"https:\\\/\\\/www.gradjanske.org\\\/en\\\/three-freedoms-under-the-magnifying-glass-july-25-august-7-2025\\\/#primaryimage\"},\"thumbnailUrl\":\"https:\\\/\\\/www.gradjanske.org\\\/wp-content\\\/uploads\\\/2020\\\/06\\\/3slobode-feat-eng-344.png\",\"articleSection\":[\"News\",\"Three Freedoms Under the Magnifying Glass\"],\"inLanguage\":\"en-US\"},{\"@type\":\"WebPage\",\"@id\":\"https:\\\/\\\/www.gradjanske.org\\\/en\\\/three-freedoms-under-the-magnifying-glass-july-25-august-7-2025\\\/\",\"url\":\"https:\\\/\\\/www.gradjanske.org\\\/en\\\/three-freedoms-under-the-magnifying-glass-july-25-august-7-2025\\\/\",\"name\":\"Three Freedoms Under the Magnifying Glass: July 25 \u2013 August 7, 2025 - Gra\u0111anske Inicijative\",\"isPartOf\":{\"@id\":\"https:\\\/\\\/www.gradjanske.org\\\/en\\\/#website\"},\"primaryImageOfPage\":{\"@id\":\"https:\\\/\\\/www.gradjanske.org\\\/en\\\/three-freedoms-under-the-magnifying-glass-july-25-august-7-2025\\\/#primaryimage\"},\"image\":{\"@id\":\"https:\\\/\\\/www.gradjanske.org\\\/en\\\/three-freedoms-under-the-magnifying-glass-july-25-august-7-2025\\\/#primaryimage\"},\"thumbnailUrl\":\"https:\\\/\\\/www.gradjanske.org\\\/wp-content\\\/uploads\\\/2020\\\/06\\\/3slobode-feat-eng-344.png\",\"datePublished\":\"2025-08-07T11:03:09+00:00\",\"breadcrumb\":{\"@id\":\"https:\\\/\\\/www.gradjanske.org\\\/en\\\/three-freedoms-under-the-magnifying-glass-july-25-august-7-2025\\\/#breadcrumb\"},\"inLanguage\":\"en-US\",\"potentialAction\":[{\"@type\":\"ReadAction\",\"target\":[\"https:\\\/\\\/www.gradjanske.org\\\/en\\\/three-freedoms-under-the-magnifying-glass-july-25-august-7-2025\\\/\"]}]},{\"@type\":\"ImageObject\",\"inLanguage\":\"en-US\",\"@id\":\"https:\\\/\\\/www.gradjanske.org\\\/en\\\/three-freedoms-under-the-magnifying-glass-july-25-august-7-2025\\\/#primaryimage\",\"url\":\"https:\\\/\\\/www.gradjanske.org\\\/wp-content\\\/uploads\\\/2020\\\/06\\\/3slobode-feat-eng-344.png\",\"contentUrl\":\"https:\\\/\\\/www.gradjanske.org\\\/wp-content\\\/uploads\\\/2020\\\/06\\\/3slobode-feat-eng-344.png\",\"width\":344,\"height\":177},{\"@type\":\"BreadcrumbList\",\"@id\":\"https:\\\/\\\/www.gradjanske.org\\\/en\\\/three-freedoms-under-the-magnifying-glass-july-25-august-7-2025\\\/#breadcrumb\",\"itemListElement\":[{\"@type\":\"ListItem\",\"position\":1,\"name\":\"Home\",\"item\":\"https:\\\/\\\/www.gradjanske.org\\\/en\\\/home-2\\\/\"},{\"@type\":\"ListItem\",\"position\":2,\"name\":\"Three Freedoms Under the Magnifying Glass: July 25 \u2013 August 7, 2025\"}]},{\"@type\":\"WebSite\",\"@id\":\"https:\\\/\\\/www.gradjanske.org\\\/en\\\/#website\",\"url\":\"https:\\\/\\\/www.gradjanske.org\\\/en\\\/\",\"name\":\"Gra\u0111anske Inicijative\",\"description\":\"Civic Initiatives\",\"publisher\":{\"@id\":\"https:\\\/\\\/www.gradjanske.org\\\/en\\\/#organization\"},\"potentialAction\":[{\"@type\":\"SearchAction\",\"target\":{\"@type\":\"EntryPoint\",\"urlTemplate\":\"https:\\\/\\\/www.gradjanske.org\\\/en\\\/?s={search_term_string}\"},\"query-input\":{\"@type\":\"PropertyValueSpecification\",\"valueRequired\":true,\"valueName\":\"search_term_string\"}}],\"inLanguage\":\"en-US\"},{\"@type\":\"Organization\",\"@id\":\"https:\\\/\\\/www.gradjanske.org\\\/en\\\/#organization\",\"name\":\"Gra\u0111anske Inicijative\",\"url\":\"https:\\\/\\\/www.gradjanske.org\\\/en\\\/\",\"logo\":{\"@type\":\"ImageObject\",\"inLanguage\":\"en-US\",\"@id\":\"https:\\\/\\\/www.gradjanske.org\\\/en\\\/#\\\/schema\\\/logo\\\/image\\\/\",\"url\":\"https:\\\/\\\/www.gradjanske.org\\\/wp-content\\\/uploads\\\/2018\\\/05\\\/GI-logo.png\",\"contentUrl\":\"https:\\\/\\\/www.gradjanske.org\\\/wp-content\\\/uploads\\\/2018\\\/05\\\/GI-logo.png\",\"width\":1400,\"height\":800,\"caption\":\"Gra\u0111anske Inicijative\"},\"image\":{\"@id\":\"https:\\\/\\\/www.gradjanske.org\\\/en\\\/#\\\/schema\\\/logo\\\/image\\\/\"}},{\"@type\":\"Person\",\"@id\":\"https:\\\/\\\/www.gradjanske.org\\\/en\\\/#\\\/schema\\\/person\\\/6051173b26d7961f0cb13a5e1f6f097e\",\"name\":\"Alma Mustajba\u0161i\u0107\",\"image\":{\"@type\":\"ImageObject\",\"inLanguage\":\"en-US\",\"@id\":\"https:\\\/\\\/secure.gravatar.com\\\/avatar\\\/644dd0d6f8e712df274ac929b7249ca5a5b0d3fe70b61adc5a9900eeba933e30?s=96&d=mm&r=g\",\"url\":\"https:\\\/\\\/secure.gravatar.com\\\/avatar\\\/644dd0d6f8e712df274ac929b7249ca5a5b0d3fe70b61adc5a9900eeba933e30?s=96&d=mm&r=g\",\"contentUrl\":\"https:\\\/\\\/secure.gravatar.com\\\/avatar\\\/644dd0d6f8e712df274ac929b7249ca5a5b0d3fe70b61adc5a9900eeba933e30?s=96&d=mm&r=g\",\"caption\":\"Alma Mustajba\u0161i\u0107\"},\"url\":\"https:\\\/\\\/www.gradjanske.org\\\/en\\\/author\\\/alma\\\/\"}]}<\/script>\n<!-- \/ Yoast SEO plugin. -->","yoast_head_json":{"title":"Three Freedoms Under the Magnifying Glass: July 25 \u2013 August 7, 2025 - Gra\u0111anske Inicijative","robots":{"index":"index","follow":"follow","max-snippet":"max-snippet:-1","max-image-preview":"max-image-preview:large","max-video-preview":"max-video-preview:-1"},"canonical":"https:\/\/www.gradjanske.org\/en\/three-freedoms-under-the-magnifying-glass-july-25-august-7-2025\/","og_locale":"en_US","og_type":"article","og_title":"Three Freedoms Under the Magnifying Glass: July 25 \u2013 August 7, 2025 - Gra\u0111anske Inicijative","og_description":"Belgrade, August 7, 2025 Violations of basic freedoms in Serbia July 25 \u2013 August 7, 2025 &nbsp; A serious incident occurred in Novi Pazar when a group of violent, masked men broke into the State University of Novi Pazar in the early morning hours and...","og_url":"https:\/\/www.gradjanske.org\/en\/three-freedoms-under-the-magnifying-glass-july-25-august-7-2025\/","og_site_name":"Gra\u0111anske Inicijative","article_published_time":"2025-08-07T11:03:09+00:00","og_image":[{"width":344,"height":177,"url":"https:\/\/www.gradjanske.org\/wp-content\/uploads\/2020\/06\/3slobode-feat-eng-344.png","type":"image\/png"}],"author":"Alma Mustajba\u0161i\u0107","twitter_card":"summary_large_image","twitter_misc":{"Written by":"Alma Mustajba\u0161i\u0107","Est. reading time":"3 minutes"},"schema":{"@context":"https:\/\/schema.org","@graph":[{"@type":"Article","@id":"https:\/\/www.gradjanske.org\/en\/three-freedoms-under-the-magnifying-glass-july-25-august-7-2025\/#article","isPartOf":{"@id":"https:\/\/www.gradjanske.org\/en\/three-freedoms-under-the-magnifying-glass-july-25-august-7-2025\/"},"author":{"name":"Alma Mustajba\u0161i\u0107","@id":"https:\/\/www.gradjanske.org\/en\/#\/schema\/person\/6051173b26d7961f0cb13a5e1f6f097e"},"headline":"Three Freedoms Under the Magnifying Glass: July 25 \u2013 August 7, 2025","datePublished":"2025-08-07T11:03:09+00:00","mainEntityOfPage":{"@id":"https:\/\/www.gradjanske.org\/en\/three-freedoms-under-the-magnifying-glass-july-25-august-7-2025\/"},"wordCount":361,"publisher":{"@id":"https:\/\/www.gradjanske.org\/en\/#organization"},"image":{"@id":"https:\/\/www.gradjanske.org\/en\/three-freedoms-under-the-magnifying-glass-july-25-august-7-2025\/#primaryimage"},"thumbnailUrl":"https:\/\/www.gradjanske.org\/wp-content\/uploads\/2020\/06\/3slobode-feat-eng-344.png","articleSection":["News","Three Freedoms Under the Magnifying Glass"],"inLanguage":"en-US"},{"@type":"WebPage","@id":"https:\/\/www.gradjanske.org\/en\/three-freedoms-under-the-magnifying-glass-july-25-august-7-2025\/","url":"https:\/\/www.gradjanske.org\/en\/three-freedoms-under-the-magnifying-glass-july-25-august-7-2025\/","name":"Three Freedoms Under the Magnifying Glass: July 25 \u2013 August 7, 2025 - Gra\u0111anske Inicijative","isPartOf":{"@id":"https:\/\/www.gradjanske.org\/en\/#website"},"primaryImageOfPage":{"@id":"https:\/\/www.gradjanske.org\/en\/three-freedoms-under-the-magnifying-glass-july-25-august-7-2025\/#primaryimage"},"image":{"@id":"https:\/\/www.gradjanske.org\/en\/three-freedoms-under-the-magnifying-glass-july-25-august-7-2025\/#primaryimage"},"thumbnailUrl":"https:\/\/www.gradjanske.org\/wp-content\/uploads\/2020\/06\/3slobode-feat-eng-344.png","datePublished":"2025-08-07T11:03:09+00:00","breadcrumb":{"@id":"https:\/\/www.gradjanske.org\/en\/three-freedoms-under-the-magnifying-glass-july-25-august-7-2025\/#breadcrumb"},"inLanguage":"en-US","potentialAction":[{"@type":"ReadAction","target":["https:\/\/www.gradjanske.org\/en\/three-freedoms-under-the-magnifying-glass-july-25-august-7-2025\/"]}]},{"@type":"ImageObject","inLanguage":"en-US","@id":"https:\/\/www.gradjanske.org\/en\/three-freedoms-under-the-magnifying-glass-july-25-august-7-2025\/#primaryimage","url":"https:\/\/www.gradjanske.org\/wp-content\/uploads\/2020\/06\/3slobode-feat-eng-344.png","contentUrl":"https:\/\/www.gradjanske.org\/wp-content\/uploads\/2020\/06\/3slobode-feat-eng-344.png","width":344,"height":177},{"@type":"BreadcrumbList","@id":"https:\/\/www.gradjanske.org\/en\/three-freedoms-under-the-magnifying-glass-july-25-august-7-2025\/#breadcrumb","itemListElement":[{"@type":"ListItem","position":1,"name":"Home","item":"https:\/\/www.gradjanske.org\/en\/home-2\/"},{"@type":"ListItem","position":2,"name":"Three Freedoms Under the Magnifying Glass: July 25 \u2013 August 7, 2025"}]},{"@type":"WebSite","@id":"https:\/\/www.gradjanske.org\/en\/#website","url":"https:\/\/www.gradjanske.org\/en\/","name":"Gra\u0111anske Inicijative","description":"Civic Initiatives","publisher":{"@id":"https:\/\/www.gradjanske.org\/en\/#organization"},"potentialAction":[{"@type":"SearchAction","target":{"@type":"EntryPoint","urlTemplate":"https:\/\/www.gradjanske.org\/en\/?s={search_term_string}"},"query-input":{"@type":"PropertyValueSpecification","valueRequired":true,"valueName":"search_term_string"}}],"inLanguage":"en-US"},{"@type":"Organization","@id":"https:\/\/www.gradjanske.org\/en\/#organization","name":"Gra\u0111anske Inicijative","url":"https:\/\/www.gradjanske.org\/en\/","logo":{"@type":"ImageObject","inLanguage":"en-US","@id":"https:\/\/www.gradjanske.org\/en\/#\/schema\/logo\/image\/","url":"https:\/\/www.gradjanske.org\/wp-content\/uploads\/2018\/05\/GI-logo.png","contentUrl":"https:\/\/www.gradjanske.org\/wp-content\/uploads\/2018\/05\/GI-logo.png","width":1400,"height":800,"caption":"Gra\u0111anske Inicijative"},"image":{"@id":"https:\/\/www.gradjanske.org\/en\/#\/schema\/logo\/image\/"}},{"@type":"Person","@id":"https:\/\/www.gradjanske.org\/en\/#\/schema\/person\/6051173b26d7961f0cb13a5e1f6f097e","name":"Alma Mustajba\u0161i\u0107","image":{"@type":"ImageObject","inLanguage":"en-US","@id":"https:\/\/secure.gravatar.com\/avatar\/644dd0d6f8e712df274ac929b7249ca5a5b0d3fe70b61adc5a9900eeba933e30?s=96&d=mm&r=g","url":"https:\/\/secure.gravatar.com\/avatar\/644dd0d6f8e712df274ac929b7249ca5a5b0d3fe70b61adc5a9900eeba933e30?s=96&d=mm&r=g","contentUrl":"https:\/\/secure.gravatar.com\/avatar\/644dd0d6f8e712df274ac929b7249ca5a5b0d3fe70b61adc5a9900eeba933e30?s=96&d=mm&r=g","caption":"Alma Mustajba\u0161i\u0107"},"url":"https:\/\/www.gradjanske.org\/en\/author\/alma\/"}]}},"_links":{"self":[{"href":"https:\/\/www.gradjanske.org\/en\/wp-json\/wp\/v2\/posts\/23079","targetHints":{"allow":["GET"]}}],"collection":[{"href":"https:\/\/www.gradjanske.org\/en\/wp-json\/wp\/v2\/posts"}],"about":[{"href":"https:\/\/www.gradjanske.org\/en\/wp-json\/wp\/v2\/types\/post"}],"author":[{"embeddable":true,"href":"https:\/\/www.gradjanske.org\/en\/wp-json\/wp\/v2\/users\/27"}],"replies":[{"embeddable":true,"href":"https:\/\/www.gradjanske.org\/en\/wp-json\/wp\/v2\/comments?post=23079"}],"version-history":[{"count":1,"href":"https:\/\/www.gradjanske.org\/en\/wp-json\/wp\/v2\/posts\/23079\/revisions"}],"predecessor-version":[{"id":23082,"href":"https:\/\/www.gradjanske.org\/en\/wp-json\/wp\/v2\/posts\/23079\/revisions\/23082"}],"wp:featuredmedia":[{"embeddable":true,"href":"https:\/\/www.gradjanske.org\/en\/wp-json\/wp\/v2\/media\/22409"}],"wp:attachment":[{"href":"https:\/\/www.gradjanske.org\/en\/wp-json\/wp\/v2\/media?parent=23079"}],"wp:term":[{"taxonomy":"category","embeddable":true,"href":"https:\/\/www.gradjanske.org\/en\/wp-json\/wp\/v2\/categories?post=23079"},{"taxonomy":"post_tag","embeddable":true,"href":"https:\/\/www.gradjanske.org\/en\/wp-json\/wp\/v2\/tags?post=23079"}],"curies":[{"name":"wp","href":"https:\/\/api.w.org\/{rel}","templated":true}]}}